{"id":9604,"date":"2022-11-06T18:58:51","date_gmt":"2022-11-06T17:58:51","guid":{"rendered":"https:\/\/meier-gerdingh.de\/wp-spd-ob\/?p=9604"},"modified":"2022-11-06T18:58:51","modified_gmt":"2022-11-06T17:58:51","slug":"grosses-bedauern-ueber-verlust-des-letzten-vollsortimenters-in-holten","status":"publish","type":"post","link":"https:\/\/meier-gerdingh.de\/wp-spd-ob\/2022\/11\/06\/grosses-bedauern-ueber-verlust-des-letzten-vollsortimenters-in-holten\/","title":{"rendered":"Gro\u00dfes Bedauern \u00fcber Verlust des letzten Vollsortimenters in Holten"},"content":{"rendered":"<div id=\"attachment_9412\" style=\"width: 170px\" class=\"wp-caption alignleft\"><a href=\"https:\/\/meier-gerdingh.de\/wp-spd-ob\/wp-content\/uploads\/2022\/10\/brodrick-helmut-portrait-lg.jpg\"><img aria-describedby=\"caption-attachment-9412\" decoding=\"async\" class=\"size-full wp-image-9412\" src=\"https:\/\/meier-gerdingh.de\/wp-spd-ob\/wp-content\/uploads\/2022\/10\/brodrick-helmut-portrait.jpg\" alt=\"\" width=\"160\" height=\"200\" \/><\/a><p id=\"caption-attachment-9412\" class=\"wp-caption-text\">Helmut Brodrick ist Mitglied des Rates f\u00fcr Holten und Barmingholten<\/p><\/div>\n<p><em>Zum <a href=\"https:\/\/www.nrz.de\/staedte\/oberhausen\/entscheidung-gefallen-edeka-schliesst-weitere-filiale-id236830425.html\">Artikel aus der NRZ vom 04.11.22<\/a>: &#8222;Entscheidung gefallen: Edeka schlie\u00dft weitere Filiale&#8220; \u00e4u\u00dfern sich der SPD-Ortsverein Alsfeld-Holten und das SPD-Ratsmitglied Helmut Brodrick f\u00fcr den Wahlkreis Holten wie folgt:<\/em><\/p>\n<p>&#8222;Wir bedauern die Schlie\u00dfung sehr. Dies ist der einzige verbliebene Vollsortimenter in unserem Stadtteil, der nun auch geschlossen wird. Das bedeutet weniger Einkaufsm\u00f6glichkeiten &#8211; gerade f\u00fcr \u00e4ltere und weniger mobile Menschen. Gleichzeitig ist dies kein guter Beitrag zur Klimabilanz, denn es wird mehr CO<sub>2<\/sub> ausgestossen, da es zum n\u00e4chsten Markt dieser Art nun weitere Fahrwege gibt&#8220;, so Hans-G\u00fcnter Wrobel, Bewohner Holtens, Mitglied der Sterkrader Bezirksvertretung und Vorstandsmitglied des Ortsvereins.<\/p>\n<p>&#8222;Wir bedauern diesen Schritt aber nicht nur f\u00fcr die Anwohnerinnen und Anwohner, sondern auch f\u00fcr die Besch\u00e4ftigten. Wir hoffen, dass die Zusage von Edeka greift und alle eine Anschlussbesch\u00e4ftigung finden. Jetzt ist es umso wichtiger, dass der vor der Sommerpause verabschiedete Rahmenplan 2023 und das integrierte Handlungskonzept f\u00fcr Holten nun endlich greift. Im Zuge dessen muss auch das Einzelhandelskonzept \u00fcberdacht werden&#8220;, erg\u00e4nzt Brodrick.<!--more--><\/p>\n<p>&#8222;Mit diesem Satz kommen wir uns zwar vor, als ob wir eine Schallplatte verschluckt h\u00e4tten, aber: Die Holtenerinnen und Holtener brauchen endlich eine realistische und verl\u00e4ssliche Perspektive&#8220;, da sind sich die beiden einig. Der Ortsverein ist gerne bereit daran mitzuwirken.<\/p>\n","protected":false},"excerpt":{"rendered":"<p>Zum Artikel aus der NRZ vom 04.11.22: &#8222;Entscheidung gefallen: Edeka schlie\u00dft weitere Filiale&#8220; \u00e4u\u00dfern sich der SPD-Ortsverein Alsfeld-Holten und das SPD-Ratsmitglied Helmut Brodrick f\u00fcr den Wahlkreis Holten wie folgt: &#8222;Wir&hellip; <\/p>\n","protected":false},"author":1,"featured_media":0,"comment_status":"closed","ping_status":"closed","sticky":false,"template":"","format":"standard","meta":{"footnotes":""},"categories":[174,167],"tags":[1898,3296,3297,1599,3300,3299,3298],"quellen":[336],"class_list":["post-9604","post","type-post","status-publish","format-standard","hentry","category-arbeit-und-soziales","category-stadtteile","tag-barmingholten","tag-edeka","tag-edeka-holten","tag-einzelhandel","tag-einzelhandelskonzept","tag-integriertes-handlungskonzept-fuer-holten","tag-vollsortimenter","quellen-ov-alsfeld-holten"],"_links":{"self":[{"href":"https:\/\/meier-gerdingh.de\/wp-spd-ob\/wp-json\/wp\/v2\/posts\/9604","targetHints":{"allow":["GET"]}}],"collection":[{"href":"https:\/\/meier-gerdingh.de\/wp-spd-ob\/wp-json\/wp\/v2\/posts"}],"about":[{"href":"https:\/\/meier-gerdingh.de\/wp-spd-ob\/wp-json\/wp\/v2\/types\/post"}],"author":[{"embeddable":true,"href":"https:\/\/meier-gerdingh.de\/wp-spd-ob\/wp-json\/wp\/v2\/users\/1"}],"replies":[{"embeddable":true,"href":"https:\/\/meier-gerdingh.de\/wp-spd-ob\/wp-json\/wp\/v2\/comments?post=9604"}],"version-history":[{"count":0,"href":"https:\/\/meier-gerdingh.de\/wp-spd-ob\/wp-json\/wp\/v2\/posts\/9604\/revisions"}],"wp:attachment":[{"href":"https:\/\/meier-gerdingh.de\/wp-spd-ob\/wp-json\/wp\/v2\/media?parent=9604"}],"wp:term":[{"taxonomy":"category","embeddable":true,"href":"https:\/\/meier-gerdingh.de\/wp-spd-ob\/wp-json\/wp\/v2\/categories?post=9604"},{"taxonomy":"post_tag","embeddable":true,"href":"https:\/\/meier-gerdingh.de\/wp-spd-ob\/wp-json\/wp\/v2\/tags?post=9604"},{"taxonomy":"quellen","embeddable":true,"href":"https:\/\/meier-gerdingh.de\/wp-spd-ob\/wp-json\/wp\/v2\/quellen?post=9604"}],"curies":[{"name":"wp","href":"https:\/\/api.w.org\/{rel}","templated":true}]}}