{"id":9607,"date":"2022-11-09T17:35:57","date_gmt":"2022-11-09T16:35:57","guid":{"rendered":"https:\/\/meier-gerdingh.de\/wp-spd-ob\/?p=9607"},"modified":"2022-11-09T17:36:13","modified_gmt":"2022-11-09T16:36:13","slug":"sahin-fragt-nach-zur-klaerschlammdeponie","status":"publish","type":"post","link":"https:\/\/meier-gerdingh.de\/wp-spd-ob\/2022\/11\/09\/sahin-fragt-nach-zur-klaerschlammdeponie\/","title":{"rendered":"Sahin fragt nach zur Kl\u00e4rschlammdeponie"},"content":{"rendered":"<div id=\"attachment_9436\" style=\"width: 170px\" class=\"wp-caption alignleft\"><a href=\"https:\/\/meier-gerdingh.de\/wp-spd-ob\/wp-content\/uploads\/2022\/10\/sahin-buelent-portrait-lg.jpg\"><img aria-describedby=\"caption-attachment-9436\" decoding=\"async\" class=\"size-full wp-image-9436\" src=\"https:\/\/meier-gerdingh.de\/wp-spd-ob\/wp-content\/uploads\/2022\/10\/sahin-buelent-portrait.jpg\" alt=\"\" width=\"160\" height=\"200\" \/><\/a><p id=\"caption-attachment-9436\" class=\"wp-caption-text\">B\u00fclent Sahin ist direkt gew\u00e4hlter Stadtverordneter f\u00fcr Lirich-Nord<\/p><\/div>\n<p>Eine Kleine Anfrage des Liricher SPD-Stadtverordneten B\u00fclent Sahin befasst sich mit der ins Stocken geratenen Sanierung der Kalkschlammablagerung an der Ruhrorter Stra\u00dfe. Die Politik ist letztmalig im Fr\u00fchjahr des vergangenen Jahres \u00fcber den Baufortschritt und den Planungsstand informiert worden.<\/p>\n<p>&#8222;Damals hie\u00df es, dass in diesem Winter der gesamte Baumbestand auf dem Plateau der Ablagerung entfernt werden soll und dass bis zum Fr\u00fchjahr alle B\u00f6schungen gesichert sein sollten&#8220;, erkl\u00e4rt B\u00fclent Sahin. Doch immer wieder h\u00e4tten Anwohnerinnen und Anwohner sowie die benachbarten Kleing\u00e4rtner Unterbrechungen der Arbeiten registriert.<!--more--><\/p>\n<p>&#8222;Diese Vorg\u00e4nge haben viele Menschen in Lirich verunsichert&#8220;, berichtet Sahin. &#8222;Darum haben wir die Verwaltung gefragt, ob der urspr\u00fcngliche Zeitplan noch steht und ob alles daf\u00fcr getan wird, die Menschen im unmittelbaren Umfeld korrekt zu informieren.&#8220;<\/p>\n<p>Sollten die Antworten unbefriedigend ausfallen, so Sahin, behalte man sich vor, einen Vertreter der Rain Carbon GmbH in den st\u00e4dtischen Umweltausschuss einzuladen.<\/p>\n","protected":false},"excerpt":{"rendered":"<p>Eine Kleine Anfrage des Liricher SPD-Stadtverordneten B\u00fclent Sahin befasst sich mit der ins Stocken geratenen Sanierung der Kalkschlammablagerung an der Ruhrorter Stra\u00dfe. Die Politik ist letztmalig im Fr\u00fchjahr des vergangenen&hellip; <\/p>\n","protected":false},"author":1,"featured_media":0,"comment_status":"closed","ping_status":"closed","sticky":false,"template":"","format":"standard","meta":{"footnotes":""},"categories":[167,29],"tags":[3303,135,183,3304,30],"quellen":[326],"class_list":["post-9607","post","type-post","status-publish","format-standard","hentry","category-stadtteile","category-umwelt","tag-klaerschlammdeponie","tag-kleine-anfrage","tag-lirich","tag-ruhrorter-strasse","tag-umweltausschuss","quellen-spd-fraktion-oberhausen"],"_links":{"self":[{"href":"https:\/\/meier-gerdingh.de\/wp-spd-ob\/wp-json\/wp\/v2\/posts\/9607","targetHints":{"allow":["GET"]}}],"collection":[{"href":"https:\/\/meier-gerdingh.de\/wp-spd-ob\/wp-json\/wp\/v2\/posts"}],"about":[{"href":"https:\/\/meier-gerdingh.de\/wp-spd-ob\/wp-json\/wp\/v2\/types\/post"}],"author":[{"embeddable":true,"href":"https:\/\/meier-gerdingh.de\/wp-spd-ob\/wp-json\/wp\/v2\/users\/1"}],"replies":[{"embeddable":true,"href":"https:\/\/meier-gerdingh.de\/wp-spd-ob\/wp-json\/wp\/v2\/comments?post=9607"}],"version-history":[{"count":0,"href":"https:\/\/meier-gerdingh.de\/wp-spd-ob\/wp-json\/wp\/v2\/posts\/9607\/revisions"}],"wp:attachment":[{"href":"https:\/\/meier-gerdingh.de\/wp-spd-ob\/wp-json\/wp\/v2\/media?parent=9607"}],"wp:term":[{"taxonomy":"category","embeddable":true,"href":"https:\/\/meier-gerdingh.de\/wp-spd-ob\/wp-json\/wp\/v2\/categories?post=9607"},{"taxonomy":"post_tag","embeddable":true,"href":"https:\/\/meier-gerdingh.de\/wp-spd-ob\/wp-json\/wp\/v2\/tags?post=9607"},{"taxonomy":"quellen","embeddable":true,"href":"https:\/\/meier-gerdingh.de\/wp-spd-ob\/wp-json\/wp\/v2\/quellen?post=9607"}],"curies":[{"name":"wp","href":"https:\/\/api.w.org\/{rel}","templated":true}]}}