{"id":961,"date":"2012-03-28T16:00:00","date_gmt":"2012-03-28T14:00:00","guid":{"rendered":"http:\/\/www.meier-gerdingh.de\/spd-oberhausen\/wp\/?p=961"},"modified":"2017-05-17T18:16:58","modified_gmt":"2017-05-17T16:16:58","slug":"stefan-zimkeit-erneut-als-landtagskandidat-aufgestellt","status":"publish","type":"post","link":"https:\/\/meier-gerdingh.de\/wp-spd-ob\/2012\/03\/28\/stefan-zimkeit-erneut-als-landtagskandidat-aufgestellt\/","title":{"rendered":"Stefan Zimkeit erneut als Landtagskandidat aufgestellt"},"content":{"rendered":"<div style=\"width: 150px\" class=\"wp-caption alignleft\"><a href=\"http:\/\/meier-gerdingh.de\/wp-spd-ob\/wp-content\/uploads\/zimkeit_stefan_09.jpg\"><img decoding=\"async\" class=\"size-full\" src=\"http:\/\/meier-gerdingh.de\/wp-spd-ob\/wp-content\/uploads\/zimkeit_stefan_09.jpg\" alt=\"Stefan Zimkeit soll Sterkrade und Dinslaken wieder im Landtag vertreten\" width=\"140\" height=\"169\" \/><\/a><p class=\"wp-caption-text\">Stefan Zimkeit soll Sterkrade und Dinslaken wieder im Landtag vertreten<\/p><\/div>\n<p>Stefan Zimkeit wurde mit 94 Prozent Zustimmung erneut als SPD-Kandidat f\u00fcr den Landtag aufgestellt. Auf der Delegiertenversammlung der Dinslakener und Sterkrader SPD-Ortsvereine in der Kathrin-T\u00fcrks-Halle wurde er mit 87 Ja-Stimmen, drei Nein und drei Enthaltungen gew\u00e4hlt.<br \/>\nIn seiner Rede zog Zimkeit eine positive Bilanz seiner 20-monatigen T\u00e4tigkeit im D\u00fcsseldorfer Landtag. &#8222;Wir haben eine Ministerpr\u00e4sidentin, der Nordrhein-Westfalen wirklich am Herzen liegt&#8220;, geht er optimistisch in den Wahlkampf, warnte aber davor, angesichts der Umfragen \u00fcberm\u00fctig zu werden.<!--more--><\/p>\n<p>Zimkeit sprach sich daf\u00fcr aus, &#8222;nicht mit der Gie\u00dfkanne \u00fcber das Land gehen&#8220;, sondern Ungleiches m\u00fcsse ungleich behandelt werden. &#8222;Kinder aus Lohberg und Holten m\u00fcssen die gleichen Lebenschancen haben, wie Kinder aus D\u00fcsseldorf-Oberkassel. Und auch wie Kinder aus Leipzig oder Dresden&#8220;, griff Stefan Zimkeit eine aktuelle Diskussion auf. &#8222;F\u00f6rderung darf nicht nach der Himmelsrichtung erfolgen. Jetzt ist auch einmal der Westen dran. Und das ist keine Neiddebatte, sondern es geht um Gerechtigkeit.&#8220;<\/p>\n<p>Zimkeit schaute dabei nicht nur Richtung Osten. &#8222;Insbesondere der S\u00fcden der Republik wird bei Infrastrukturprojekten vom Bund bevorzugt&#8220;, beklagte der SPD-Landespolitiker.<\/p>\n<p>&#8222;Wir d\u00fcrfen die Kolleginnen bei Schlecker nicht im Regen stehen lassen.&#8220; Eine bundesweite Transfergesellschaft d\u00fcrfe nicht von einem nieders\u00e4chsischen FDP-Wirtschaftsminister blockiert werden. Zimkeit forderte, dass NRW gegebenenfalls eine eigenst\u00e4ndige L\u00f6sung f\u00fcr die Besch\u00e4ftigten bei Schlecker entwickelt.<\/p>\n","protected":false},"excerpt":{"rendered":"<p>Stefan Zimkeit wurde mit 94 Prozent Zustimmung erneut als SPD-Kandidat f\u00fcr den Landtag aufgestellt. Auf der Delegiertenversammlung der Dinslakener und Sterkrader SPD-Ortsvereine in der Kathrin-T\u00fcrks-Halle wurde er mit 87 Ja-Stimmen,&hellip; <\/p>\n","protected":false},"author":1,"featured_media":0,"comment_status":"closed","ping_status":"closed","sticky":false,"template":"","format":"standard","meta":{"footnotes":""},"categories":[1],"tags":[],"quellen":[],"class_list":["post-961","post","type-post","status-publish","format-standard","hentry","category-allgemein"],"_links":{"self":[{"href":"https:\/\/meier-gerdingh.de\/wp-spd-ob\/wp-json\/wp\/v2\/posts\/961","targetHints":{"allow":["GET"]}}],"collection":[{"href":"https:\/\/meier-gerdingh.de\/wp-spd-ob\/wp-json\/wp\/v2\/posts"}],"about":[{"href":"https:\/\/meier-gerdingh.de\/wp-spd-ob\/wp-json\/wp\/v2\/types\/post"}],"author":[{"embeddable":true,"href":"https:\/\/meier-gerdingh.de\/wp-spd-ob\/wp-json\/wp\/v2\/users\/1"}],"replies":[{"embeddable":true,"href":"https:\/\/meier-gerdingh.de\/wp-spd-ob\/wp-json\/wp\/v2\/comments?post=961"}],"version-history":[{"count":0,"href":"https:\/\/meier-gerdingh.de\/wp-spd-ob\/wp-json\/wp\/v2\/posts\/961\/revisions"}],"wp:attachment":[{"href":"https:\/\/meier-gerdingh.de\/wp-spd-ob\/wp-json\/wp\/v2\/media?parent=961"}],"wp:term":[{"taxonomy":"category","embeddable":true,"href":"https:\/\/meier-gerdingh.de\/wp-spd-ob\/wp-json\/wp\/v2\/categories?post=961"},{"taxonomy":"post_tag","embeddable":true,"href":"https:\/\/meier-gerdingh.de\/wp-spd-ob\/wp-json\/wp\/v2\/tags?post=961"},{"taxonomy":"quellen","embeddable":true,"href":"https:\/\/meier-gerdingh.de\/wp-spd-ob\/wp-json\/wp\/v2\/quellen?post=961"}],"curies":[{"name":"wp","href":"https:\/\/api.w.org\/{rel}","templated":true}]}}