{"id":962,"date":"2012-03-30T16:00:00","date_gmt":"2012-03-30T14:00:00","guid":{"rendered":"http:\/\/www.meier-gerdingh.de\/spd-oberhausen\/wp\/?p=962"},"modified":"2017-05-17T18:16:34","modified_gmt":"2017-05-17T16:16:34","slug":"geht-die-branche-davon-unter","status":"publish","type":"post","link":"https:\/\/meier-gerdingh.de\/wp-spd-ob\/2012\/03\/30\/geht-die-branche-davon-unter\/","title":{"rendered":"&#8222;Geht die Branche davon unter?&#8220;"},"content":{"rendered":"<div style=\"width: 150px\" class=\"wp-caption alignleft\"><a href=\"http:\/\/meier-gerdingh.de\/wp-spd-ob\/wp-content\/uploads\/grosse_broemer_wolfgang_09.jpg\"><img decoding=\"async\" class=\"size-full\" src=\"http:\/\/meier-gerdingh.de\/wp-spd-ob\/wp-content\/uploads\/grosse_broemer_wolfgang_09.jpg\" alt=\"Wolfgang Gro\u00dfe Br\u00f6mer ist Vorsitzender der SPD-Fraktion Oberhausen\" width=\"140\" height=\"169\" \/><\/a><p class=\"wp-caption-text\">Wolfgang Gro\u00dfe Br\u00f6mer ist Vorsitzender der SPD-Fraktion Oberhausen<\/p><\/div>\n<p>Dass die Stadtk\u00e4mmerei die Idee der Kulturf\u00f6rderabgabe (popul\u00e4r: &#8222;Bettensteuer&#8220;) nach zweij\u00e4hriger Pause erneut aufgegriffen hat, zeigt, so SPD-Fraktionsvorsitzender Wolfgang Gro\u00dfe Br\u00f6mer, &#8222;einmal mehr, dass die Stadt an allen Ecken und Enden pr\u00fcfen muss, um Geld zusammenzukratzen, damit allern\u00f6tigste Dinge noch getan werden k\u00f6nnen.&#8220; Aus dem Umstand, dass die &#8222;Bettensteuer&#8220; eben &#8222;Kulturf\u00f6rderabgabe&#8220; hei\u00dft, d\u00fcrfe man schlie\u00dfen, dass die einkommenden Betr\u00e4ge zweckgebunden der Kulturf\u00f6rderung zuflie\u00dfen.<!--more--><\/p>\n<p>Gro\u00dfe Br\u00f6mer: &#8222;Wir wissen, dass unsere Kultureinrichtungen dringend Geld brauchen, und von der Qualit\u00e4t des kulturellen Umfeldes profitiert die Stadt allgemein, der Tourismus aber besonders.&#8220; Die heimische Hotellerie, die in der Vergangenheit auch von den st\u00e4dtischen Bem\u00fchungen um eine h\u00f6here Attraktivit\u00e4t profitiert habe, k\u00f6nne sich diesen kleinen Beitrag leisten. Gro\u00dfe Br\u00f6mer: &#8222;Bei \u00fcber 400 000 \u00dcbernachtungen kommen 650 000 Euro heraus, da ist wohl nicht vom Untergang einer Branche die Rede.&#8220;<\/p>\n","protected":false},"excerpt":{"rendered":"<p>Dass die Stadtk\u00e4mmerei die Idee der Kulturf\u00f6rderabgabe (popul\u00e4r: &#8222;Bettensteuer&#8220;) nach zweij\u00e4hriger Pause erneut aufgegriffen hat, zeigt, so SPD-Fraktionsvorsitzender Wolfgang Gro\u00dfe Br\u00f6mer, &#8222;einmal mehr, dass die Stadt an allen Ecken und&hellip; <\/p>\n","protected":false},"author":1,"featured_media":0,"comment_status":"closed","ping_status":"closed","sticky":false,"template":"","format":"standard","meta":{"footnotes":""},"categories":[1],"tags":[],"quellen":[],"class_list":["post-962","post","type-post","status-publish","format-standard","hentry","category-allgemein"],"_links":{"self":[{"href":"https:\/\/meier-gerdingh.de\/wp-spd-ob\/wp-json\/wp\/v2\/posts\/962","targetHints":{"allow":["GET"]}}],"collection":[{"href":"https:\/\/meier-gerdingh.de\/wp-spd-ob\/wp-json\/wp\/v2\/posts"}],"about":[{"href":"https:\/\/meier-gerdingh.de\/wp-spd-ob\/wp-json\/wp\/v2\/types\/post"}],"author":[{"embeddable":true,"href":"https:\/\/meier-gerdingh.de\/wp-spd-ob\/wp-json\/wp\/v2\/users\/1"}],"replies":[{"embeddable":true,"href":"https:\/\/meier-gerdingh.de\/wp-spd-ob\/wp-json\/wp\/v2\/comments?post=962"}],"version-history":[{"count":0,"href":"https:\/\/meier-gerdingh.de\/wp-spd-ob\/wp-json\/wp\/v2\/posts\/962\/revisions"}],"wp:attachment":[{"href":"https:\/\/meier-gerdingh.de\/wp-spd-ob\/wp-json\/wp\/v2\/media?parent=962"}],"wp:term":[{"taxonomy":"category","embeddable":true,"href":"https:\/\/meier-gerdingh.de\/wp-spd-ob\/wp-json\/wp\/v2\/categories?post=962"},{"taxonomy":"post_tag","embeddable":true,"href":"https:\/\/meier-gerdingh.de\/wp-spd-ob\/wp-json\/wp\/v2\/tags?post=962"},{"taxonomy":"quellen","embeddable":true,"href":"https:\/\/meier-gerdingh.de\/wp-spd-ob\/wp-json\/wp\/v2\/quellen?post=962"}],"curies":[{"name":"wp","href":"https:\/\/api.w.org\/{rel}","templated":true}]}}