{"id":9666,"date":"2022-11-10T17:06:45","date_gmt":"2022-11-10T16:06:45","guid":{"rendered":"https:\/\/meier-gerdingh.de\/wp-spd-ob\/?p=9666"},"modified":"2022-11-14T14:49:20","modified_gmt":"2022-11-14T13:49:20","slug":"das-marienviertel-geht-neue-wege-unterwegs-mit-martin-florack-und-maximilian-janetzki","status":"publish","type":"post","link":"https:\/\/meier-gerdingh.de\/wp-spd-ob\/2022\/11\/10\/das-marienviertel-geht-neue-wege-unterwegs-mit-martin-florack-und-maximilian-janetzki\/","title":{"rendered":"Das Marienviertel geht neue Wege \u2013 unterwegs mit Martin Florack und Maximilian Janetzki"},"content":{"rendered":"<div id=\"attachment_9424\" style=\"width: 170px\" class=\"wp-caption alignleft\"><a href=\"https:\/\/meier-gerdingh.de\/wp-spd-ob\/wp-content\/uploads\/2022\/10\/janetzki-maximilian-portrait-lg.jpg\"><img aria-describedby=\"caption-attachment-9424\" decoding=\"async\" class=\"size-full wp-image-9424\" src=\"https:\/\/meier-gerdingh.de\/wp-spd-ob\/wp-content\/uploads\/2022\/10\/janetzki-maximilian-portrait.jpg\" alt=\"\" width=\"160\" height=\"200\" \/><\/a><p id=\"caption-attachment-9424\" class=\"wp-caption-text\">Maximilian Janetzki ist Mitglied des Rates der Stadt Oberhausen<\/p><\/div>\n<p>Das Marienviertel soll nach Wunsch der Stadtverwaltung neue Schritte bei der Stadtentwicklung und der Partizipation gehen, so etwa bei der B\u00fcrger:innenbeteiligung. Um diese Projekte und die Ideen dahinter der \u00d6ffentlichkeit vorzustellen, hat der SPD-Stadtverordnete Maximilian Janetzki Dr. Martin Florack gewinnen k\u00f6nnen.<\/p>\n<p>Der bekannte Politikwissenschaftler ist in diesem Jahr zur Oberhausener Stadtverwaltung gewechselt und leitet dort den Bereich &#8222;Integrierte Stadtentwicklung und Statistik&#8220;. Der Leiter des in Gr\u00fcndung befindlichen &#8222;Wissenschaftscampus NRW&#8220; bringt innovative Ideen und frischen Wind nach Oberhausen. Florack m\u00f6chte aufzeigen, wie strategische Stadtentwicklung funktionieren kann und soll.<!--more--><\/p>\n<p>Einige Projekte werden zun\u00e4chst im Marienviertel erprobt. Bei einem rund einst\u00fcndigen <strong>Rundgang durch das Viertel<\/strong> gemeinsam mit dem Stadtverordneten Maximilian Janetzki wird Florack diese Projekte vorstellen. Interessierte sind herzlich eingeladen, sich am <strong>Donnerstag, 17. November, um 15.30 Uhr<\/strong> dem gemeinsamen Spaziergang anzuschlie\u00dfen.<\/p>\n<p><strong>Treffpunkt<\/strong> ist am <strong>Haus Union, Schenkendorfstra\u00dfe 13<\/strong>. Dort ist auch ein Raum reserviert, um im Anschluss an den Rundgang gemeinsam ins Gespr\u00e4ch zu kommen.<\/p>\n<p>Die Teilnahme an dem Rundgang ist kostenlos, eine Anmeldung ist nicht n\u00f6tig.<\/p>\n","protected":false},"excerpt":{"rendered":"<p>Das Marienviertel soll nach Wunsch der Stadtverwaltung neue Schritte bei der Stadtentwicklung und der Partizipation gehen, so etwa bei der B\u00fcrger:innenbeteiligung. Um diese Projekte und die Ideen dahinter der \u00d6ffentlichkeit&hellip; <\/p>\n","protected":false},"author":1,"featured_media":0,"comment_status":"closed","ping_status":"closed","sticky":false,"template":"","format":"standard","meta":{"footnotes":""},"categories":[16,167],"tags":[3305,66,3306],"quellen":[326],"class_list":["post-9666","post","type-post","status-publish","format-standard","hentry","category-stadtentwicklung","category-stadtteile","tag-integrierte-stadtentwicklung-und-statistik","tag-marienviertel","tag-strategische-stadtentwicklung","quellen-spd-fraktion-oberhausen"],"_links":{"self":[{"href":"https:\/\/meier-gerdingh.de\/wp-spd-ob\/wp-json\/wp\/v2\/posts\/9666","targetHints":{"allow":["GET"]}}],"collection":[{"href":"https:\/\/meier-gerdingh.de\/wp-spd-ob\/wp-json\/wp\/v2\/posts"}],"about":[{"href":"https:\/\/meier-gerdingh.de\/wp-spd-ob\/wp-json\/wp\/v2\/types\/post"}],"author":[{"embeddable":true,"href":"https:\/\/meier-gerdingh.de\/wp-spd-ob\/wp-json\/wp\/v2\/users\/1"}],"replies":[{"embeddable":true,"href":"https:\/\/meier-gerdingh.de\/wp-spd-ob\/wp-json\/wp\/v2\/comments?post=9666"}],"version-history":[{"count":0,"href":"https:\/\/meier-gerdingh.de\/wp-spd-ob\/wp-json\/wp\/v2\/posts\/9666\/revisions"}],"wp:attachment":[{"href":"https:\/\/meier-gerdingh.de\/wp-spd-ob\/wp-json\/wp\/v2\/media?parent=9666"}],"wp:term":[{"taxonomy":"category","embeddable":true,"href":"https:\/\/meier-gerdingh.de\/wp-spd-ob\/wp-json\/wp\/v2\/categories?post=9666"},{"taxonomy":"post_tag","embeddable":true,"href":"https:\/\/meier-gerdingh.de\/wp-spd-ob\/wp-json\/wp\/v2\/tags?post=9666"},{"taxonomy":"quellen","embeddable":true,"href":"https:\/\/meier-gerdingh.de\/wp-spd-ob\/wp-json\/wp\/v2\/quellen?post=9666"}],"curies":[{"name":"wp","href":"https:\/\/api.w.org\/{rel}","templated":true}]}}