{"id":974,"date":"2012-05-02T16:00:00","date_gmt":"2012-05-02T14:00:00","guid":{"rendered":"http:\/\/www.meier-gerdingh.de\/spd-oberhausen\/wp\/?p=974"},"modified":"2017-05-17T18:12:35","modified_gmt":"2017-05-17T16:12:35","slug":"kampf-gegen-rechts-verstaerken","status":"publish","type":"post","link":"https:\/\/meier-gerdingh.de\/wp-spd-ob\/2012\/05\/02\/kampf-gegen-rechts-verstaerken\/","title":{"rendered":"Kampf gegen Rechts verst\u00e4rken"},"content":{"rendered":"<div style=\"width: 150px\" class=\"wp-caption alignleft\"><a href=\"http:\/\/meier-gerdingh.de\/wp-spd-ob\/wp-content\/uploads\/zimkeit_stefan_12.jpg\"><img decoding=\"async\" class=\"size-full\" src=\"http:\/\/meier-gerdingh.de\/wp-spd-ob\/wp-content\/uploads\/zimkeit_stefan_12.jpg\" alt=\"Stefan Zimkeit, Landtagskandidat der SPD f\u00fcr Sterkrade und Dinslaken\" width=\"140\" height=\"169\" \/><\/a><p class=\"wp-caption-text\">Stefan Zimkeit, Landtagskandidat der SPD f\u00fcr Sterkrade und Dinslaken<\/p><\/div>\n<p>&#8222;Integration und Aufkl\u00e4rung, aber auch polizeiliche Konsequenz gegen Rechtsextreme&#8220;, das forderte Stefan Zimkeit am Rande der Kundgebung an der Ayasofya-Moschee, die sich gegen die Rechtsau\u00dfen-Gruppierung &#8222;Pro NRW&#8220; richtete. &#8222;20 Millionen Euro haben wir zus\u00e4tzlich in den Landesjugendplan eingestellt, um junge Menschen f\u00fcr Demokratie und Toleranz und gegen Rechtsextremismus zu sensibilisieren&#8220;, machte Zimkeit auf ein wichtiges NRW-Programm aufmerksam. Gleichzeitig kritisierte der bisherige SPD-Landtagsabgeordnete die Bundesfamilienministerin Kristina Schr\u00f6der: &#8222;Sie wollte deutliche Einschnitte in den entsprechenden Bundesprogrammen vornehmen, was sie nach der Aufdeckung der NSU-Mordserie zur\u00fccknehmen musste. Dass sie zudem den Anti-Rechtsextremismus-Initiativen pauschal unterstellte, nicht verfassungstreu zu sein, ist jetzt gl\u00fccklicherweise in einem Gerichtsprozess als rechtswidrig eingestuft worden&#8220;, warf Zimkeit der CDU-Ministerin &#8222;mangelnden Sachkenntnis&#8220; im Kampf gegen Rechts vor.<!--more--><\/p>\n<p>Die NRWSPD habe hingegen mit der geplanten Aufstockung der Haushaltsmittel f\u00fcr die Landeszentrale f\u00fcr politische Bildung ein deutliches Zeichen gesetzt. &#8222;Mit zus\u00e4tzlichem Personal in der politischen Bildung soll ein Handlungskonzept gegen Rechtsextremismus umgesetzt werden&#8220;, so Zimkeit. &#8222;Au\u00dferdem haben wir Beratungsstellen f\u00fcr die Opfer rechter Gewalt eingef\u00fchrt, damit die Opfer mit ihren Problemen nicht allein gelassen werden.&#8220;<\/p>\n<p>Wichtig sei in diesem Zusammenhang auch das Landesintegrationsgesetz, mit dem die Integration von Migrantinnen und Migranten gef\u00f6rdert wird. &#8222;Auch in Oberhausen entsteht mit zus\u00e4tzlichen Landesmitteln in H\u00f6he von 85.000 Euro ein kommunales Integrationszentrum.&#8220; Damit werde die erfolgreiche Integrationsarbeit in Oberhausen weiter unterst\u00fctzt, sagte Stefan Zimkeit.<\/p>\n<p>Der SPD-Landtagskandidat ist davon \u00fcberzeugt, dass Aufkl\u00e4rung und Vorbeugung wichtig sind, und gleichzeitig der polizeiliche Druck auf Rechtsextreme stark sein muss. &#8222;Innenminister J\u00e4gers Acht-Punkte-Plan zeigt da bereits Wirkung. Die Polizei ist personell aufgestockt worden und der Kontroll- und Ermittlungsdruck ist gestiegen. Rechtsextreme werden so aus ihrer Anonymit\u00e4t geholt.&#8220; Besonders wichtig sei dies in Dortmund, wo den Umtrieben der Rechtsextremen zu lange zugeschaut wurde.<\/p>\n<p>Zimkeit setzt darauf, dass NRW sich gemeinsam gegen Rechts, gegen Antisemitismus und Islamfeindlichkeit engagiert. &#8222;Das muss aus dem Streit der demokratischen Parteien rausgehalten werden. Da m\u00fcssen wir gemeinsam handeln.&#8220; Der SPD-Politiker dankte den Teilnehmerinnen und Teilnehmern am &#8222;Fest f\u00fcr Demokratie und Toleranz&#8220; an der Ayasofya-Moschee. &#8222;Das war ein beeindruckendes Zeichen gegen Demokratiefeindlichkeit.&#8220;<\/p>\n","protected":false},"excerpt":{"rendered":"<p>&#8222;Integration und Aufkl\u00e4rung, aber auch polizeiliche Konsequenz gegen Rechtsextreme&#8220;, das forderte Stefan Zimkeit am Rande der Kundgebung an der Ayasofya-Moschee, die sich gegen die Rechtsau\u00dfen-Gruppierung &#8222;Pro NRW&#8220; richtete. &#8222;20 Millionen&hellip; <\/p>\n","protected":false},"author":1,"featured_media":0,"comment_status":"closed","ping_status":"closed","sticky":false,"template":"","format":"standard","meta":{"footnotes":""},"categories":[1],"tags":[],"quellen":[],"class_list":["post-974","post","type-post","status-publish","format-standard","hentry","category-allgemein"],"_links":{"self":[{"href":"https:\/\/meier-gerdingh.de\/wp-spd-ob\/wp-json\/wp\/v2\/posts\/974","targetHints":{"allow":["GET"]}}],"collection":[{"href":"https:\/\/meier-gerdingh.de\/wp-spd-ob\/wp-json\/wp\/v2\/posts"}],"about":[{"href":"https:\/\/meier-gerdingh.de\/wp-spd-ob\/wp-json\/wp\/v2\/types\/post"}],"author":[{"embeddable":true,"href":"https:\/\/meier-gerdingh.de\/wp-spd-ob\/wp-json\/wp\/v2\/users\/1"}],"replies":[{"embeddable":true,"href":"https:\/\/meier-gerdingh.de\/wp-spd-ob\/wp-json\/wp\/v2\/comments?post=974"}],"version-history":[{"count":0,"href":"https:\/\/meier-gerdingh.de\/wp-spd-ob\/wp-json\/wp\/v2\/posts\/974\/revisions"}],"wp:attachment":[{"href":"https:\/\/meier-gerdingh.de\/wp-spd-ob\/wp-json\/wp\/v2\/media?parent=974"}],"wp:term":[{"taxonomy":"category","embeddable":true,"href":"https:\/\/meier-gerdingh.de\/wp-spd-ob\/wp-json\/wp\/v2\/categories?post=974"},{"taxonomy":"post_tag","embeddable":true,"href":"https:\/\/meier-gerdingh.de\/wp-spd-ob\/wp-json\/wp\/v2\/tags?post=974"},{"taxonomy":"quellen","embeddable":true,"href":"https:\/\/meier-gerdingh.de\/wp-spd-ob\/wp-json\/wp\/v2\/quellen?post=974"}],"curies":[{"name":"wp","href":"https:\/\/api.w.org\/{rel}","templated":true}]}}