{"id":981,"date":"2012-05-30T16:00:00","date_gmt":"2012-05-30T14:00:00","guid":{"rendered":"http:\/\/www.meier-gerdingh.de\/spd-oberhausen\/wp\/?p=981"},"modified":"2017-05-17T18:11:37","modified_gmt":"2017-05-17T16:11:37","slug":"keine-schliessung-der-hallenbaeder-oberhausen-und-sterkrade","status":"publish","type":"post","link":"https:\/\/meier-gerdingh.de\/wp-spd-ob\/2012\/05\/30\/keine-schliessung-der-hallenbaeder-oberhausen-und-sterkrade\/","title":{"rendered":"Keine Schlie\u00dfung der Hallenb\u00e4der Oberhausen und Sterkrade"},"content":{"rendered":"<div style=\"width: 150px\" class=\"wp-caption alignleft\"><a href=\"http:\/\/meier-gerdingh.de\/wp-spd-ob\/wp-content\/uploads\/groschek_michael_09.jpg\"><img decoding=\"async\" class=\"size-full\" src=\"http:\/\/meier-gerdingh.de\/wp-spd-ob\/wp-content\/uploads\/groschek_michael_09.jpg\" alt=\"Michael Groschek ist Vorsitzender der Oberhausener SPD\" width=\"140\" height=\"186\" \/><\/a><p class=\"wp-caption-text\">Michael Groschek ist Vorsitzender der Oberhausener SPD<\/p><\/div>\n<p>Eindeutig Position bezog der Unterbezirksvorstand der Oberhausener SPD in seiner Sitzung am vergangenen Dienstag, als er der in der Diskussion stehenden eventuellen Schlie\u00dfung der Hallenb\u00e4der Oberhausen und Sterkrade eine klare und eindeutige Absage erteilte.<br \/>\n&#8222;Es k\u00e4me einem Schildb\u00fcrgerstreich gleich, alles das, was in der auch von der D\u00fcsseldorfer Bezirksregierung seinerzeit gelobten Oberhausener B\u00e4derkonzeption erarbeitet und festgelegt wurde, \u00fcber den Haufen zu werfen&#8220;, so der Vorsitzende der Oberhausener SPD, Michael Groschek. &#8222;Ein solches unsinniges, unwirtschaftliches und am tats\u00e4chlichen Leben vorbeigehendes Handeln ist klar abzulehnen.&#8220;<!--more--><\/p>\n<p>Der Unterbezirksvorstand sprach sich einm\u00fctig daf\u00fcr aus, die notwendigen Haushaltssanierungsplanungen der kommenden 10 Jahre als offenen und dynamischen Beteiligungsprozess zu organisieren.<\/p>\n<p>&#8222;Es darf keine Einbahnstra\u00dfenregelung zwischen Verwaltung und Bezirksregierung geben. B\u00fcrgerinnen und B\u00fcrger sind gemeinsam mit der Politik \u00fcber die jeweiligen aktuellen Rahmenbedingungen und Abarbeitungsst\u00e4nde umfassend und fortlaufend zu informieren&#8220;, so Groschek.<\/p>\n<p>Vor einer Umsetzung des im Rahmen der Sanierungsplanung in Auftrag gegebenen Gutachtens zum Thema &#8222;Jugendamt und soziale Angelegenheiten&#8220; ist nach Meinung des Parteivorstandes ein intensiver Dialog mit den Wohlfahrtsverb\u00e4nden in unserer Stadt zu f\u00fchren.<\/p>\n<p>Die Oberhausener SPD wird alle Haushaltssanierungsplanungen zu einem st\u00e4ndigen Punkt ihrer Arbeit machen und dabei den intensiven Kontakt zu den die Gesellschaft tragenden Gruppen unserer Stadt suchen. Dieser Bogen ist von den Wohlfahrtsverb\u00e4nden \u00fcber die Gewerkschaften bis zu den Interessenverb\u00e4nden von Sport, Kultur, Wirtschaft und Bildung zu schlagen.<\/p>\n<p>&#8222;Nur gemeinsam und mit hohem Engagement werden wir den Herausforderungen der kommenden Jahre begegnen k\u00f6nnen&#8220;, so der SPD-Parteivorstand.<\/p>\n","protected":false},"excerpt":{"rendered":"<p>Eindeutig Position bezog der Unterbezirksvorstand der Oberhausener SPD in seiner Sitzung am vergangenen Dienstag, als er der in der Diskussion stehenden eventuellen Schlie\u00dfung der Hallenb\u00e4der Oberhausen und Sterkrade eine klare&hellip; <\/p>\n","protected":false},"author":1,"featured_media":0,"comment_status":"closed","ping_status":"closed","sticky":false,"template":"","format":"standard","meta":{"footnotes":""},"categories":[1],"tags":[],"quellen":[],"class_list":["post-981","post","type-post","status-publish","format-standard","hentry","category-allgemein"],"_links":{"self":[{"href":"https:\/\/meier-gerdingh.de\/wp-spd-ob\/wp-json\/wp\/v2\/posts\/981","targetHints":{"allow":["GET"]}}],"collection":[{"href":"https:\/\/meier-gerdingh.de\/wp-spd-ob\/wp-json\/wp\/v2\/posts"}],"about":[{"href":"https:\/\/meier-gerdingh.de\/wp-spd-ob\/wp-json\/wp\/v2\/types\/post"}],"author":[{"embeddable":true,"href":"https:\/\/meier-gerdingh.de\/wp-spd-ob\/wp-json\/wp\/v2\/users\/1"}],"replies":[{"embeddable":true,"href":"https:\/\/meier-gerdingh.de\/wp-spd-ob\/wp-json\/wp\/v2\/comments?post=981"}],"version-history":[{"count":0,"href":"https:\/\/meier-gerdingh.de\/wp-spd-ob\/wp-json\/wp\/v2\/posts\/981\/revisions"}],"wp:attachment":[{"href":"https:\/\/meier-gerdingh.de\/wp-spd-ob\/wp-json\/wp\/v2\/media?parent=981"}],"wp:term":[{"taxonomy":"category","embeddable":true,"href":"https:\/\/meier-gerdingh.de\/wp-spd-ob\/wp-json\/wp\/v2\/categories?post=981"},{"taxonomy":"post_tag","embeddable":true,"href":"https:\/\/meier-gerdingh.de\/wp-spd-ob\/wp-json\/wp\/v2\/tags?post=981"},{"taxonomy":"quellen","embeddable":true,"href":"https:\/\/meier-gerdingh.de\/wp-spd-ob\/wp-json\/wp\/v2\/quellen?post=981"}],"curies":[{"name":"wp","href":"https:\/\/api.w.org\/{rel}","templated":true}]}}