{"id":9811,"date":"2022-11-15T19:23:56","date_gmt":"2022-11-15T18:23:56","guid":{"rendered":"https:\/\/meier-gerdingh.de\/wp-spd-ob\/?p=9811"},"modified":"2022-11-15T19:23:56","modified_gmt":"2022-11-15T18:23:56","slug":"spd-freut-sich-ueber-loesung-an-der-steinbrinkstrasse","status":"publish","type":"post","link":"https:\/\/meier-gerdingh.de\/wp-spd-ob\/2022\/11\/15\/spd-freut-sich-ueber-loesung-an-der-steinbrinkstrasse\/","title":{"rendered":"SPD freut sich \u00fcber L\u00f6sung an der Steinbrinkstra\u00dfe"},"content":{"rendered":"<div id=\"attachment_5398\" style=\"width: 190px\" class=\"wp-caption alignleft\"><a href=\"https:\/\/meier-gerdingh.de\/wp-spd-ob\/wp-content\/uploads\/2018\/07\/14_real_ulrich_1000.jpg\"><img aria-describedby=\"caption-attachment-5398\" decoding=\"async\" class=\"size-full wp-image-5398\" src=\"https:\/\/meier-gerdingh.de\/wp-spd-ob\/wp-content\/uploads\/2018\/07\/14_real_ulrich.jpg\" alt=\"\" width=\"180\" height=\"180\" srcset=\"https:\/\/meier-gerdingh.de\/wp-spd-ob\/wp-content\/uploads\/2018\/07\/14_real_ulrich.jpg 180w, https:\/\/meier-gerdingh.de\/wp-spd-ob\/wp-content\/uploads\/2018\/07\/14_real_ulrich-150x150.jpg 150w\" sizes=\"(max-width: 180px) 100vw, 180px\" \/><\/a><p id=\"caption-attachment-5398\" class=\"wp-caption-text\">Ulrich Real ist Bezirksb\u00fcrgermeister von Sterkrade und planungspolitischer Sprecher der SPD-Ratsfraktion<\/p><\/div>\n<p>Sehr zufrieden zeigt sich die SPD-Fraktion mit dem Ratsbeschluss zum Bebauungsplan Steinbrink-\/Ackerfeldstra\u00dfe in Sterkrade. Dank dieses Beschlusses ist die Erschlie\u00dfung der im hinteren Gel\u00e4nde der Steinbrinkstra\u00dfe gelegenen Industriebrache mit dem Ziel einer Gewerbefl\u00e4chenentwicklung m\u00f6glich.<\/p>\n<p>Dieser Beschluss d\u00fcrfte besonders die Anwohner der Ackerfeldstra\u00dfe freuen. &#8222;Die Erschlie\u00dfung des Gel\u00e4ndes \u00fcber die sogenannte Norderschlie\u00dfung ist endg\u00fcltig vom Tisch&#8220;, erl\u00e4utert Ulrich Real, planungspolitischer Sprecher der SPD-Fraktion. &#8222;Das ist eine gute Nachricht f\u00fcr die Anwohnerschaft, denn das Gel\u00e4nde kann nun \u00fcber eine eigene Zufahrt im s\u00fcdlichen Bereich erschlossen werden&#8220;, erkl\u00e4rt Real weiter.<!--more--><\/p>\n<p>Noch vor einem Monat lag diese L\u00f6sung in weiter Ferne, weil die Eigentumsverh\u00e4ltnisse die Erschlie\u00dfung vom S\u00fcden her faktisch unm\u00f6glich machten. Dennoch wollte die Verwaltung einen Beschluss herbeif\u00fchren.<\/p>\n<p>&#8222;Dank der Intervention der SPD-Fraktion wurde die Entscheidung ausgesetzt und die Verwaltung beauftragt, gemeinsam mit dem Eigent\u00fcmer eine L\u00f6sung zu finden&#8220;, erkl\u00e4rt Real und freut sich, dass diese im Rahmen eines Erbpachtrechtes auch gefunden wurde. Daf\u00fcr dankt Real im Namen seiner Fraktion ausdr\u00fccklich der Verwaltung.<\/p>\n<p>Wichtig sei es jetzt, die Entwicklung des Gel\u00e4ndes z\u00fcgig voranzutreiben.<\/p>\n<p>&#8222;K\u00fcrzlich mussten wir der Presse entnehmen, dass wieder ein Handwerksbetrieb Oberhausen verl\u00e4sst, weil ihm keine geeignete Fl\u00e4che zur Verf\u00fcgung gestellt werden kann&#8220;, bedauert Real.<\/p>\n<p>Die Verwaltung sei nun in der Pflicht, das Gel\u00e4nde in Zusammenarbeit mit dem Eigent\u00fcmer baureif f\u00fcr kleine und mittelst\u00e4ndische Handwerksbetriebe zu entwickeln. &#8222;Wir d\u00fcrfen Unternehmen nicht ziehen lassen, wir m\u00fcssen sie halten&#8220;, fordert der Sterkrader Stadtverordnete. &#8222;Sie sind schlie\u00dflich wichtige Arbeitgeber und Steuerzahler.&#8220;<\/p>\n","protected":false},"excerpt":{"rendered":"<p>Sehr zufrieden zeigt sich die SPD-Fraktion mit dem Ratsbeschluss zum Bebauungsplan Steinbrink-\/Ackerfeldstra\u00dfe in Sterkrade. Dank dieses Beschlusses ist die Erschlie\u00dfung der im hinteren Gel\u00e4nde der Steinbrinkstra\u00dfe gelegenen Industriebrache mit dem&hellip; <\/p>\n","protected":false},"author":1,"featured_media":0,"comment_status":"closed","ping_status":"closed","sticky":false,"template":"","format":"standard","meta":{"footnotes":""},"categories":[27,167],"tags":[3312,3310,2880,843,3313,3311,46],"quellen":[326],"class_list":["post-9811","post","type-post","status-publish","format-standard","hentry","category-planen-bauen-wohnen-verkehr","category-stadtteile","tag-ackerfeldstrasse","tag-b-plan-steinbrink-ackerfeldstrasse","tag-bebauungsplan","tag-gewerbeflaechen","tag-gewerbeflaechenerschliessung","tag-steinbrinkstrasse","tag-sterkrade","quellen-spd-fraktion-oberhausen"],"_links":{"self":[{"href":"https:\/\/meier-gerdingh.de\/wp-spd-ob\/wp-json\/wp\/v2\/posts\/9811","targetHints":{"allow":["GET"]}}],"collection":[{"href":"https:\/\/meier-gerdingh.de\/wp-spd-ob\/wp-json\/wp\/v2\/posts"}],"about":[{"href":"https:\/\/meier-gerdingh.de\/wp-spd-ob\/wp-json\/wp\/v2\/types\/post"}],"author":[{"embeddable":true,"href":"https:\/\/meier-gerdingh.de\/wp-spd-ob\/wp-json\/wp\/v2\/users\/1"}],"replies":[{"embeddable":true,"href":"https:\/\/meier-gerdingh.de\/wp-spd-ob\/wp-json\/wp\/v2\/comments?post=9811"}],"version-history":[{"count":0,"href":"https:\/\/meier-gerdingh.de\/wp-spd-ob\/wp-json\/wp\/v2\/posts\/9811\/revisions"}],"wp:attachment":[{"href":"https:\/\/meier-gerdingh.de\/wp-spd-ob\/wp-json\/wp\/v2\/media?parent=9811"}],"wp:term":[{"taxonomy":"category","embeddable":true,"href":"https:\/\/meier-gerdingh.de\/wp-spd-ob\/wp-json\/wp\/v2\/categories?post=9811"},{"taxonomy":"post_tag","embeddable":true,"href":"https:\/\/meier-gerdingh.de\/wp-spd-ob\/wp-json\/wp\/v2\/tags?post=9811"},{"taxonomy":"quellen","embeddable":true,"href":"https:\/\/meier-gerdingh.de\/wp-spd-ob\/wp-json\/wp\/v2\/quellen?post=9811"}],"curies":[{"name":"wp","href":"https:\/\/api.w.org\/{rel}","templated":true}]}}