{"id":9819,"date":"2022-11-18T17:09:40","date_gmt":"2022-11-18T16:09:40","guid":{"rendered":"https:\/\/meier-gerdingh.de\/wp-spd-ob\/?p=9819"},"modified":"2022-11-18T17:09:40","modified_gmt":"2022-11-18T16:09:40","slug":"geraet-die-bahn-aus-dem-takt-geraet-der-mensch-aus-dem-takt","status":"publish","type":"post","link":"https:\/\/meier-gerdingh.de\/wp-spd-ob\/2022\/11\/18\/geraet-die-bahn-aus-dem-takt-geraet-der-mensch-aus-dem-takt\/","title":{"rendered":"&#8222;Ger\u00e4t die Bahn aus dem Takt, ger\u00e4t der Mensch aus dem Takt&#8220;"},"content":{"rendered":"<div id=\"attachment_8088\" style=\"width: 170px\" class=\"wp-caption alignleft\"><a href=\"https:\/\/meier-gerdingh.de\/wp-spd-ob\/wp-content\/uploads\/2021\/03\/mdl-frederick-cordes-lg.jpg\"><img aria-describedby=\"caption-attachment-8088\" decoding=\"async\" class=\"size-full wp-image-8088\" src=\"https:\/\/meier-gerdingh.de\/wp-spd-ob\/wp-content\/uploads\/2021\/03\/mdl-frederick-cordes.jpg\" alt=\"\" width=\"160\" height=\"200\" \/><\/a><p id=\"caption-attachment-8088\" class=\"wp-caption-text\">Frederick Cordes ist Mitglied des Landtags von Nordrhein-Westfalen<\/p><\/div>\n<p><em>SPD-Landtagsabgeordnete kritisieren den wochenlangen Ausfall der S-Bahn-Linie 3 zwischen Essen und Oberhausen:<\/em><\/p>\n<p>Mit Fassungslosigkeit reagierten viele Bahnfahrende in der Region angesichts des pl\u00f6tzlichen Ausfalls der S3 zwischen Essen und Oberhausen. Auch die beiden Landtagsabgeordneten und Mitglieder des Verkehrsausschusses Julia Kahle-Hausmann f\u00fcr Essen und Frederick Cordes f\u00fcr Oberhausen \u00e4u\u00dfern ihr Unverst\u00e4ndnis \u00fcber den Zustand des Bahnverkehrs im westlichen Ruhrgebiet.<\/p>\n<p>&#8222;Dass diese wichtige Bahnlinie so kurzfristig und nur mit lapidarer Erkl\u00e4rung \u00fcber einen Monat lang ausf\u00e4llt, ist nicht akzeptabel.&#8220;, findet Cordes und macht deutlich, worum es geht: &#8222;Pendlerinnen und Pendler haben doch auch ihren eigenen Takt, der fein auf zum Beispiel Kinderbetreuung, Arbeitszeiten oder die Versorgung der Familie abgestimmt ist. Ger\u00e4t nun die Bahn aus dem Takt, geraten auch die Menschen aus ihrem. Hier geht es eben nicht nur um l\u00e4ngere Warte- und Reisezeiten, sondern um Planbarkeit des eigenen Lebensalltages.&#8220;<!--more--><\/p>\n<p>Und Kahle-Hausmann verweist auf den gr\u00f6\u00dferen politischen Kontext: &#8222;Es sind Erlebnisse wie diese, die die dringend notwendige Mobilit\u00e4tswende weiter verhindern. Das Ruhrgebiet braucht endlich einen \u00d6PNV, der einer Metropol-Region w\u00fcrdig ist. Solange weiterhin Bus und Bahn unp\u00fcnktlich oder teilweise gar nicht fahren, wie jetzt bei der S3, ist es vollkommen nachvollziehbar, dass die Menschen in der Region eher das Auto nehmen. Hier sind Politik und Betreiber gefragt, endlich den Umstieg auf Bus und Bahn attraktiv zu machen, um so die Verkehrswende zu erm\u00f6glichen, die wir meinen.&#8220;<\/p>\n<p>Cordes, Fachmann der SPD-Landtagsfraktion f\u00fcr Ausbildung und Fachkr\u00e4fte, erg\u00e4nzt: &#8222;Der Fachkr\u00e4ftemangel bei Lokf\u00fchrerinnen und Lokf\u00fchrern ist nicht vom Himmel gefallen. Seit Jahren wird zu wenig ausgebildet und die Kolleginnen und Kollegen schieben \u00dcberstunde um \u00dcberstunde, was zu dem hohen Krankenstand f\u00fchrt, der jetzt f\u00fcr den Ausfall der Linie sorgt. Hier braucht es dringend bessere Ausbildungs- und Arbeitsbedingungen, um mehr Menschen f\u00fcr diesen wichtigen Beruf zu gewinnen. Wir stehen dabei an der Seite der Besch\u00e4ftigten und sehen die Bahn in der Pflicht, ihrer Verantwortung nachzukommen.&#8220;<\/p>\n<p>Einig sind sich die Kahle-Hausmann und Cordes darin, dass die von der Bahn angebotene Alternative des RE49 nicht \u00fcberzeugt. &#8222;Gemeinsam mit den vielen t\u00e4glichen Pendlerinnen und Pendlern wissen wir, dass es auch auf der Linie des RE49 h\u00e4ufig zu Versp\u00e4tungen und Ausf\u00e4llen kommt. Der Verweis auf diese Alternative ist daher keine echte L\u00f6sung. Eine solche ist jetzt aber dringend notwendig und das ist auch unsere klare Erwartung an die Bahn.&#8220;<\/p>\n","protected":false},"excerpt":{"rendered":"<p>SPD-Landtagsabgeordnete kritisieren den wochenlangen Ausfall der S-Bahn-Linie 3 zwischen Essen und Oberhausen: Mit Fassungslosigkeit reagierten viele Bahnfahrende in der Region angesichts des pl\u00f6tzlichen Ausfalls der S3 zwischen Essen und Oberhausen.&hellip; <\/p>\n","protected":false},"author":1,"featured_media":0,"comment_status":"closed","ping_status":"closed","sticky":false,"template":"","format":"standard","meta":{"footnotes":""},"categories":[216,3070],"tags":[762,3319,3165,55,3318,3317,1306,3316,3095,1044],"quellen":[2806],"class_list":["post-9819","post","type-post","status-publish","format-standard","hentry","category-land","category-mobilitaet","tag-fachkraeftemangel","tag-metropolregion-ruhrgebiet","tag-mobilitaetswende","tag-oepnv","tag-pendlerinnen-und-pendler","tag-re49","tag-ruhrgebiet","tag-s-bahn-linie-3","tag-s3","tag-spnv","quellen-mdl-frederick-cordes"],"_links":{"self":[{"href":"https:\/\/meier-gerdingh.de\/wp-spd-ob\/wp-json\/wp\/v2\/posts\/9819","targetHints":{"allow":["GET"]}}],"collection":[{"href":"https:\/\/meier-gerdingh.de\/wp-spd-ob\/wp-json\/wp\/v2\/posts"}],"about":[{"href":"https:\/\/meier-gerdingh.de\/wp-spd-ob\/wp-json\/wp\/v2\/types\/post"}],"author":[{"embeddable":true,"href":"https:\/\/meier-gerdingh.de\/wp-spd-ob\/wp-json\/wp\/v2\/users\/1"}],"replies":[{"embeddable":true,"href":"https:\/\/meier-gerdingh.de\/wp-spd-ob\/wp-json\/wp\/v2\/comments?post=9819"}],"version-history":[{"count":0,"href":"https:\/\/meier-gerdingh.de\/wp-spd-ob\/wp-json\/wp\/v2\/posts\/9819\/revisions"}],"wp:attachment":[{"href":"https:\/\/meier-gerdingh.de\/wp-spd-ob\/wp-json\/wp\/v2\/media?parent=9819"}],"wp:term":[{"taxonomy":"category","embeddable":true,"href":"https:\/\/meier-gerdingh.de\/wp-spd-ob\/wp-json\/wp\/v2\/categories?post=9819"},{"taxonomy":"post_tag","embeddable":true,"href":"https:\/\/meier-gerdingh.de\/wp-spd-ob\/wp-json\/wp\/v2\/tags?post=9819"},{"taxonomy":"quellen","embeddable":true,"href":"https:\/\/meier-gerdingh.de\/wp-spd-ob\/wp-json\/wp\/v2\/quellen?post=9819"}],"curies":[{"name":"wp","href":"https:\/\/api.w.org\/{rel}","templated":true}]}}