{"id":9826,"date":"2022-11-20T19:51:13","date_gmt":"2022-11-20T18:51:13","guid":{"rendered":"https:\/\/meier-gerdingh.de\/wp-spd-ob\/?p=9826"},"modified":"2022-11-21T17:01:00","modified_gmt":"2022-11-21T16:01:00","slug":"spd-osterfeld-ehrt-jubilare","status":"publish","type":"post","link":"https:\/\/meier-gerdingh.de\/wp-spd-ob\/2022\/11\/20\/spd-osterfeld-ehrt-jubilare\/","title":{"rendered":"SPD Osterfeld ehrt Jubilarinnen und Jubilare"},"content":{"rendered":"<div id=\"attachment_9820\" style=\"width: 710px\" class=\"wp-caption aligncenter\"><a href=\"https:\/\/meier-gerdingh.de\/wp-spd-ob\/wp-content\/uploads\/2022\/11\/ov-osterfeld-jubilarehrung-2022-lg.jpg\"><img aria-describedby=\"caption-attachment-9820\" decoding=\"async\" class=\"size-full wp-image-9820\" src=\"https:\/\/meier-gerdingh.de\/wp-spd-ob\/wp-content\/uploads\/2022\/11\/ov-osterfeld-jubilarehrung-2022.jpg\" alt=\"\" width=\"700\" height=\"325\" srcset=\"https:\/\/meier-gerdingh.de\/wp-spd-ob\/wp-content\/uploads\/2022\/11\/ov-osterfeld-jubilarehrung-2022.jpg 700w, https:\/\/meier-gerdingh.de\/wp-spd-ob\/wp-content\/uploads\/2022\/11\/ov-osterfeld-jubilarehrung-2022-300x139.jpg 300w\" sizes=\"(max-width: 700px) 100vw, 700px\" \/><\/a><p id=\"caption-attachment-9820\" class=\"wp-caption-text\">Gruppenfoto der Jubilahre mit dem Bundestagsabgeordneten Dirk V\u00f6pel und der stellvertretenden Vorsitzenden Nicole Kopp-Czech.<\/p><\/div>\n<p>Der SPD-Ortsverein Osterfeld ehrte am heutigen Sonntag seine Jubilarinnen und Jubilare. Dabei lie\u00df es sich der Oberhausener SPD-Chef Dirk V\u00f6pel MdB nicht nehmen, die Ehrenurkunden f\u00fcr 25, 40 oder 50 Jahre Mitgliedschaft in der Sozialdemokratischen Partei Deutschlands pers\u00f6nlich zu \u00fcberreichen. Unter den Geehrten befand sich auch Wolfgang Gro\u00dfe Br\u00f6mer. Der langj\u00e4hrige Vorsitzende der SPD-Ratsfraktion und ehemalige Landtagsabgeordnete von Alt-Oberhausen und Osterfeld trat im Jahr der &#8222;Willy-Wahl&#8220; 1972 der Partei bei und kann jetzt auf 50 Jahre aktives Engagement in der SPD zur\u00fcckblicken.<!--more--><\/p>\n<div id=\"attachment_9821\" style=\"width: 710px\" class=\"wp-caption aligncenter\"><a href=\"https:\/\/meier-gerdingh.de\/wp-spd-ob\/wp-content\/uploads\/2022\/11\/ov-osterfeld-jubilarehrung-2022-2-lg.jpg\"><img aria-describedby=\"caption-attachment-9821\" decoding=\"async\" src=\"https:\/\/meier-gerdingh.de\/wp-spd-ob\/wp-content\/uploads\/2022\/11\/ov-osterfeld-jubilarehrung-2022-2.jpg\" alt=\"\" width=\"700\" height=\"549\" class=\"size-full wp-image-9821\" srcset=\"https:\/\/meier-gerdingh.de\/wp-spd-ob\/wp-content\/uploads\/2022\/11\/ov-osterfeld-jubilarehrung-2022-2.jpg 700w, https:\/\/meier-gerdingh.de\/wp-spd-ob\/wp-content\/uploads\/2022\/11\/ov-osterfeld-jubilarehrung-2022-2-300x235.jpg 300w\" sizes=\"(max-width: 700px) 100vw, 700px\" \/><\/a><p id=\"caption-attachment-9821\" class=\"wp-caption-text\">Endlich konnten wir uns als Ortsverein pers\u00f6nlich bei Wolfgang f\u00fcr seine politische Arbeit bedanken.<\/p><\/div>\n","protected":false},"excerpt":{"rendered":"<p>Der SPD-Ortsverein Osterfeld ehrte am heutigen Sonntag seine Jubilarinnen und Jubilare. Dabei lie\u00df es sich der Oberhausener SPD-Chef Dirk V\u00f6pel MdB nicht nehmen, die Ehrenurkunden f\u00fcr 25, 40 oder 50&hellip; <\/p>\n","protected":false},"author":1,"featured_media":0,"comment_status":"closed","ping_status":"closed","sticky":false,"template":"","format":"standard","meta":{"footnotes":""},"categories":[173],"tags":[261],"quellen":[339],"class_list":["post-9826","post","type-post","status-publish","format-standard","hentry","category-parteileben","tag-jubilarehrung","quellen-ov-osterfeld"],"_links":{"self":[{"href":"https:\/\/meier-gerdingh.de\/wp-spd-ob\/wp-json\/wp\/v2\/posts\/9826","targetHints":{"allow":["GET"]}}],"collection":[{"href":"https:\/\/meier-gerdingh.de\/wp-spd-ob\/wp-json\/wp\/v2\/posts"}],"about":[{"href":"https:\/\/meier-gerdingh.de\/wp-spd-ob\/wp-json\/wp\/v2\/types\/post"}],"author":[{"embeddable":true,"href":"https:\/\/meier-gerdingh.de\/wp-spd-ob\/wp-json\/wp\/v2\/users\/1"}],"replies":[{"embeddable":true,"href":"https:\/\/meier-gerdingh.de\/wp-spd-ob\/wp-json\/wp\/v2\/comments?post=9826"}],"version-history":[{"count":0,"href":"https:\/\/meier-gerdingh.de\/wp-spd-ob\/wp-json\/wp\/v2\/posts\/9826\/revisions"}],"wp:attachment":[{"href":"https:\/\/meier-gerdingh.de\/wp-spd-ob\/wp-json\/wp\/v2\/media?parent=9826"}],"wp:term":[{"taxonomy":"category","embeddable":true,"href":"https:\/\/meier-gerdingh.de\/wp-spd-ob\/wp-json\/wp\/v2\/categories?post=9826"},{"taxonomy":"post_tag","embeddable":true,"href":"https:\/\/meier-gerdingh.de\/wp-spd-ob\/wp-json\/wp\/v2\/tags?post=9826"},{"taxonomy":"quellen","embeddable":true,"href":"https:\/\/meier-gerdingh.de\/wp-spd-ob\/wp-json\/wp\/v2\/quellen?post=9826"}],"curies":[{"name":"wp","href":"https:\/\/api.w.org\/{rel}","templated":true}]}}