{"id":9849,"date":"2022-11-22T14:00:28","date_gmt":"2022-11-22T13:00:28","guid":{"rendered":"https:\/\/meier-gerdingh.de\/wp-spd-ob\/?p=9849"},"modified":"2022-11-22T14:02:50","modified_gmt":"2022-11-22T13:02:50","slug":"spd-will-informationen-zur-schenker-ansiedlung","status":"publish","type":"post","link":"https:\/\/meier-gerdingh.de\/wp-spd-ob\/2022\/11\/22\/spd-will-informationen-zur-schenker-ansiedlung\/","title":{"rendered":"SPD will Informationen zur Schenker-Ansiedlung"},"content":{"rendered":"<div id=\"attachment_9434\" style=\"width: 170px\" class=\"wp-caption alignleft\"><a href=\"https:\/\/meier-gerdingh.de\/wp-spd-ob\/wp-content\/uploads\/2022\/10\/real-ulrich-portrait-lg.jpg\"><img aria-describedby=\"caption-attachment-9434\" decoding=\"async\" class=\"size-full wp-image-9434\" src=\"https:\/\/meier-gerdingh.de\/wp-spd-ob\/wp-content\/uploads\/2022\/10\/real-ulrich-portrait.jpg\" alt=\"\" width=\"160\" height=\"200\" \/><\/a><p id=\"caption-attachment-9434\" class=\"wp-caption-text\">Ulrich Real ist Bezirksb\u00fcrgermeister von Sterkrade und planungspolitischer Sprecher der SPD-Ratsfraktion<\/p><\/div>\n<p>F\u00fcr Verwunderung in Reihen der SPD-Fraktion hat die Berichterstattung in der Lokalpresse \u00fcber die geplante Ansiedlung eines weiteren Logistikers in Oberhausen gesorgt. Die Bahn-Tochter Schenker will offensichtlich die alten Werkshallen in der Neuen Mitte beziehen. Das wirft Fragen auf, die die Sozialdemokraten in der n\u00e4chsten Sitzung des Stadtplanungs- und Mobilit\u00e4tsausschuss beantwortet haben m\u00f6chten.<\/p>\n<p>&#8222;Da die Politik in diesem Verfahren bisher au\u00dfen vor ist, brauchen wir Antworten auf ganz grunds\u00e4tzliche Fragen&#8220;, erkl\u00e4rt der planungspolitische Sprecher der Fraktion, Ulrich Real.<!--more--><\/p>\n<p>&#8222;Liegt ein Kauf- oder Pachtvertrag zu Grunde, ist die Aufstellung eines Bebauungsplanes notwendig? Es tun sich noch viel mehr Fragen auf&#8220;, erkl\u00e4rt Real. In dem Zeitungsbericht von Montag jedenfalls mauert Schenker. Fragen zu Mitarbeiterzahlen oder dem Verkehrsaufkommen bleiben unbeantwortet.<\/p>\n<p>&#8222;Im Mai hat der Rat den Masterplan Neue Mitte beschlossen, die von Schenker favorisierte Fl\u00e4che wird dort als &#8218;Themenfl\u00e4che Freizeit, Sport&#8216; definiert \u2013 das ist nat\u00fcrlich ein Widerspruch&#8220;, so Ulrich Real, der auch in die Zukunft blickt. &#8222;Wir wollen auch gerne erfahren, wie zuk\u00fcnftig Fl\u00e4chen im beschlossenen Masterplan gegen beschlussfremde Nutzungen gesichert werden k\u00f6nnen.&#8220;<\/p>\n","protected":false},"excerpt":{"rendered":"<p>F\u00fcr Verwunderung in Reihen der SPD-Fraktion hat die Berichterstattung in der Lokalpresse \u00fcber die geplante Ansiedlung eines weiteren Logistikers in Oberhausen gesorgt. Die Bahn-Tochter Schenker will offensichtlich die alten Werkshallen&hellip; <\/p>\n","protected":false},"author":1,"featured_media":0,"comment_status":"closed","ping_status":"closed","sticky":false,"template":"","format":"standard","meta":{"footnotes":""},"categories":[16,311],"tags":[1041,1748,3322,3013,2191,3320,3321],"quellen":[326],"class_list":["post-9849","post","type-post","status-publish","format-standard","hentry","category-stadtentwicklung","category-wirtschaft","tag-deutsche-bahn-ag","tag-logistik","tag-logistik-unternehmen","tag-masterplan-neue-mitte","tag-neue-mitte","tag-schenker","tag-stadtplanungs-und-mobilitaetsausschuss","quellen-spd-fraktion-oberhausen"],"_links":{"self":[{"href":"https:\/\/meier-gerdingh.de\/wp-spd-ob\/wp-json\/wp\/v2\/posts\/9849","targetHints":{"allow":["GET"]}}],"collection":[{"href":"https:\/\/meier-gerdingh.de\/wp-spd-ob\/wp-json\/wp\/v2\/posts"}],"about":[{"href":"https:\/\/meier-gerdingh.de\/wp-spd-ob\/wp-json\/wp\/v2\/types\/post"}],"author":[{"embeddable":true,"href":"https:\/\/meier-gerdingh.de\/wp-spd-ob\/wp-json\/wp\/v2\/users\/1"}],"replies":[{"embeddable":true,"href":"https:\/\/meier-gerdingh.de\/wp-spd-ob\/wp-json\/wp\/v2\/comments?post=9849"}],"version-history":[{"count":0,"href":"https:\/\/meier-gerdingh.de\/wp-spd-ob\/wp-json\/wp\/v2\/posts\/9849\/revisions"}],"wp:attachment":[{"href":"https:\/\/meier-gerdingh.de\/wp-spd-ob\/wp-json\/wp\/v2\/media?parent=9849"}],"wp:term":[{"taxonomy":"category","embeddable":true,"href":"https:\/\/meier-gerdingh.de\/wp-spd-ob\/wp-json\/wp\/v2\/categories?post=9849"},{"taxonomy":"post_tag","embeddable":true,"href":"https:\/\/meier-gerdingh.de\/wp-spd-ob\/wp-json\/wp\/v2\/tags?post=9849"},{"taxonomy":"quellen","embeddable":true,"href":"https:\/\/meier-gerdingh.de\/wp-spd-ob\/wp-json\/wp\/v2\/quellen?post=9849"}],"curies":[{"name":"wp","href":"https:\/\/api.w.org\/{rel}","templated":true}]}}