{"id":987,"date":"2012-06-15T16:00:00","date_gmt":"2012-06-15T14:00:00","guid":{"rendered":"http:\/\/www.meier-gerdingh.de\/spd-oberhausen\/wp\/?p=987"},"modified":"2017-05-17T18:04:46","modified_gmt":"2017-05-17T16:04:46","slug":"gemeinsamer-antrag-von-den-gruenen-und-spd-fuer-einen-starken-un-waffenhandelsvertrag-att","status":"publish","type":"post","link":"https:\/\/meier-gerdingh.de\/wp-spd-ob\/2012\/06\/15\/gemeinsamer-antrag-von-den-gruenen-und-spd-fuer-einen-starken-un-waffenhandelsvertrag-att\/","title":{"rendered":"Gemeinsamer Antrag von den Gr\u00fcnen und SPD f\u00fcr einen starken UN-Waffenhandelsvertrag (ATT)"},"content":{"rendered":"<div style=\"width: 150px\" class=\"wp-caption alignleft\"><a href=\"http:\/\/meier-gerdingh.de\/wp-spd-ob\/wp-content\/uploads\/groschek_michael_09.jpg\"><img decoding=\"async\" class=\"size-full\" src=\"http:\/\/meier-gerdingh.de\/wp-spd-ob\/wp-content\/uploads\/groschek_michael_09.jpg\" alt=\"Mike Groschek ist Bundestagsabgeordneter f\u00fcr Oberhausen und Dinslaken und Vorsitzender der Oberhausener SPD\" width=\"140\" height=\"186\" \/><\/a><p class=\"wp-caption-text\">Mike Groschek ist Bundestagsabgeordneter f\u00fcr Oberhausen und Dinslaken und Vorsitzender der Oberhausener SPD<\/p><\/div>\n<p>Unter der Federf\u00fchrung des abr\u00fcstungspolitischen Sprechers der SPD-Bundestagsfraktion Michael Groschek haben SPD und B\u00fcndnis 90 \/ Die Gr\u00fcnen in dieser Woche einen gemeinsamen Antrag in den Deutschen Bundestag eingebracht. Der Grund sind die im Juli 2012 bei den Vereinten Nationen in New York anstehenden Verhandlungen zur Kontrolle des Waffenhandels (Arms Trade Treaty, ATT). Bei den Verhandlungen \u00fcber die internationale Kontrolle des Waffenhandels, soll es nun nach jahrelangen Vorbereitungen zu den finalen Entscheidungen kommen. Erstmals soll eine umfassende Reglementierung aller konventionellen Waffengattungen erreicht werden.<!--more--><\/p>\n<p>Gemeinsam fordern SPD und Gr\u00fcne mit ihrem Antrag die Bundesregierung auf, sich bei diesen Verhandlungen f\u00fcr einen m\u00f6glichst hohen Standard des Vertrages einzusetzen. Beide Parteien fordern daher, dass der Vertrag auch Klein- und Leichtwaffen einschlie\u00dflich der Munition ber\u00fccksichtigt. Der Begriff Kleinwaffen (Small Arms) darf nicht dar\u00fcber hinwegt\u00e4uschen, dass es sich dabei um Sturmgewehre und andere gef\u00e4hrliche Waffengattungen handelt. Diese Waffen t\u00f6ten laut den Vereinten Nationen weltweit j\u00e4hrlich 500.000 Menschen.<\/p>\n<p>Weiterhin wird verlangt, dass die Bundesregierung auf eine verpflichtende Berichterstattung \u00fcber R\u00fcstungsg\u00fcterimporte und -exporte dr\u00e4ngen soll. Denn nur eine detaillierte Berichtspflicht \u00fcber Waffenlieferungen jeder Art f\u00fchrt dazu, dass illegaler Waffenhandel zwischen Staaten verhindert und intransparenter Waffenhandel effektiv reguliert werden kann.<\/p>\n<p>Es geh\u00f6rt auch eine so genannte &#8222;Goldene Regel&#8220; in den ATT aufgenommen, die sowohl die Beachtung der Menschenrechtslage als auch die sozio-\u00f6konomischen Entwicklungen im Empf\u00e4ngerstaat ber\u00fccksichtigt. R\u00fcstungsg\u00fcter d\u00fcrfen nicht in die H\u00e4nde der Staaten gelangen, die diese f\u00fcr Verst\u00f6\u00dfe gegen die Menschenrechte und das humanit\u00e4re V\u00f6lkerrecht einsetzen.<\/p>\n","protected":false},"excerpt":{"rendered":"<p>Unter der Federf\u00fchrung des abr\u00fcstungspolitischen Sprechers der SPD-Bundestagsfraktion Michael Groschek haben SPD und B\u00fcndnis 90 \/ Die Gr\u00fcnen in dieser Woche einen gemeinsamen Antrag in den Deutschen Bundestag eingebracht. Der&hellip; <\/p>\n","protected":false},"author":1,"featured_media":0,"comment_status":"closed","ping_status":"closed","sticky":false,"template":"","format":"standard","meta":{"footnotes":""},"categories":[1],"tags":[],"quellen":[],"class_list":["post-987","post","type-post","status-publish","format-standard","hentry","category-allgemein"],"_links":{"self":[{"href":"https:\/\/meier-gerdingh.de\/wp-spd-ob\/wp-json\/wp\/v2\/posts\/987","targetHints":{"allow":["GET"]}}],"collection":[{"href":"https:\/\/meier-gerdingh.de\/wp-spd-ob\/wp-json\/wp\/v2\/posts"}],"about":[{"href":"https:\/\/meier-gerdingh.de\/wp-spd-ob\/wp-json\/wp\/v2\/types\/post"}],"author":[{"embeddable":true,"href":"https:\/\/meier-gerdingh.de\/wp-spd-ob\/wp-json\/wp\/v2\/users\/1"}],"replies":[{"embeddable":true,"href":"https:\/\/meier-gerdingh.de\/wp-spd-ob\/wp-json\/wp\/v2\/comments?post=987"}],"version-history":[{"count":0,"href":"https:\/\/meier-gerdingh.de\/wp-spd-ob\/wp-json\/wp\/v2\/posts\/987\/revisions"}],"wp:attachment":[{"href":"https:\/\/meier-gerdingh.de\/wp-spd-ob\/wp-json\/wp\/v2\/media?parent=987"}],"wp:term":[{"taxonomy":"category","embeddable":true,"href":"https:\/\/meier-gerdingh.de\/wp-spd-ob\/wp-json\/wp\/v2\/categories?post=987"},{"taxonomy":"post_tag","embeddable":true,"href":"https:\/\/meier-gerdingh.de\/wp-spd-ob\/wp-json\/wp\/v2\/tags?post=987"},{"taxonomy":"quellen","embeddable":true,"href":"https:\/\/meier-gerdingh.de\/wp-spd-ob\/wp-json\/wp\/v2\/quellen?post=987"}],"curies":[{"name":"wp","href":"https:\/\/api.w.org\/{rel}","templated":true}]}}