{"id":9882,"date":"2022-11-23T10:33:30","date_gmt":"2022-11-23T09:33:30","guid":{"rendered":"https:\/\/meier-gerdingh.de\/wp-spd-ob\/?p=9882"},"modified":"2022-11-24T10:37:29","modified_gmt":"2022-11-24T09:37:29","slug":"spd-ortsvereine-nord-und-alsfeld-holten-ehren-ihre-jubilarinnen-und-jubilare","status":"publish","type":"post","link":"https:\/\/meier-gerdingh.de\/wp-spd-ob\/2022\/11\/23\/spd-ortsvereine-nord-und-alsfeld-holten-ehren-ihre-jubilarinnen-und-jubilare\/","title":{"rendered":"SPD-Ortsvereine Nord und Alsfeld-Holten ehren ihre Jubilarinnen und Jubilare"},"content":{"rendered":"<div id=\"attachment_9880\" style=\"width: 710px\" class=\"wp-caption aligncenter\"><a href=\"https:\/\/meier-gerdingh.de\/wp-spd-ob\/wp-content\/uploads\/2022\/11\/ovs-alsfeld-holten-sterkrade-nord-jubilarehrung-2022-lg.jpg\"><img aria-describedby=\"caption-attachment-9880\" decoding=\"async\" class=\"size-full wp-image-9880\" src=\"https:\/\/meier-gerdingh.de\/wp-spd-ob\/wp-content\/uploads\/2022\/11\/ovs-alsfeld-holten-sterkrade-nord-jubilarehrung-2022.jpg\" alt=\"\" width=\"700\" height=\"372\" srcset=\"https:\/\/meier-gerdingh.de\/wp-spd-ob\/wp-content\/uploads\/2022\/11\/ovs-alsfeld-holten-sterkrade-nord-jubilarehrung-2022.jpg 700w, https:\/\/meier-gerdingh.de\/wp-spd-ob\/wp-content\/uploads\/2022\/11\/ovs-alsfeld-holten-sterkrade-nord-jubilarehrung-2022-300x159.jpg 300w\" sizes=\"(max-width: 700px) 100vw, 700px\" \/><\/a><p id=\"caption-attachment-9880\" class=\"wp-caption-text\">Das Bild zeigt B\u00fcrgermeister Manfred Flore (5. v. r.), die Ortsvereinsvorsitzenden Lena Kamps-Engel und Karl-Heinz M\u00fcller (1. u. 2. v. l.) sowie Dirk V\u00f6pel MdB (2. v. r.) im Kreise der geehrten Parteimitglieder<\/p><\/div>\n<p>Im Kastell Holten ehrten die zwei SPD-Ortsvereine Alsfeld-Holten und Sterkrade-Nord ihre langj\u00e4hrigen Mitglieder. In Anwesenheit vieler Ehreng\u00e4ste &#8211; B\u00fcrgermeister Manfred Flore, Bundestagsabgeordneter Dirk V\u00f6pel, die Landtagsabgeordneten Stefan Zimkeit und Freddy Cordes &#8211; galt es, zahlreiche Mitglieder f\u00fcr ihre langj\u00e4hrige Treue auszuzeichnen.<\/p>\n<p>Nach der Begr\u00fc\u00dfung durch die Vorsitzenden sprach B\u00fcrgermeister Manfred Flore in seiner Festrede den Dank und die Gl\u00fcckw\u00fcnsche der Partei aus. Anschlie\u00dfend galt es die Jubilare auszuzeichnen.<!--more--><\/p>\n<p>Insgesamt konnte Lena Kamps-Engel f\u00fcr den Ortsverein Alsfeld-Holten stolz sein auf 12 Mitglieder mit 25 bis 50 Jahren Mitgliedschaft. Vorsitzender Karl-Heinz M\u00fcller, stellvertretend f\u00fcr die SPD Sterkrade-Nord, hatte insgesamt 18 Jubilarinnen und Jubilare von 25 bis 65 Jahren Mitgliedschaft f\u00fcr das Jahr 2022.<\/p>\n<p>Anschlie\u00dfend wurden noch in geselliger Runde bei Kaffee und Kuchen nette Gespr\u00e4che gef\u00fchrt.<\/p>\n","protected":false},"excerpt":{"rendered":"<p>Im Kastell Holten ehrten die zwei SPD-Ortsvereine Alsfeld-Holten und Sterkrade-Nord ihre langj\u00e4hrigen Mitglieder. In Anwesenheit vieler Ehreng\u00e4ste &#8211; B\u00fcrgermeister Manfred Flore, Bundestagsabgeordneter Dirk V\u00f6pel, die Landtagsabgeordneten Stefan Zimkeit und Freddy&hellip; <\/p>\n","protected":false},"author":1,"featured_media":0,"comment_status":"closed","ping_status":"closed","sticky":false,"template":"","format":"standard","meta":{"footnotes":""},"categories":[173],"tags":[261],"quellen":[336,337],"class_list":["post-9882","post","type-post","status-publish","format-standard","hentry","category-parteileben","tag-jubilarehrung","quellen-ov-alsfeld-holten","quellen-ov-sterkrade-nord"],"_links":{"self":[{"href":"https:\/\/meier-gerdingh.de\/wp-spd-ob\/wp-json\/wp\/v2\/posts\/9882","targetHints":{"allow":["GET"]}}],"collection":[{"href":"https:\/\/meier-gerdingh.de\/wp-spd-ob\/wp-json\/wp\/v2\/posts"}],"about":[{"href":"https:\/\/meier-gerdingh.de\/wp-spd-ob\/wp-json\/wp\/v2\/types\/post"}],"author":[{"embeddable":true,"href":"https:\/\/meier-gerdingh.de\/wp-spd-ob\/wp-json\/wp\/v2\/users\/1"}],"replies":[{"embeddable":true,"href":"https:\/\/meier-gerdingh.de\/wp-spd-ob\/wp-json\/wp\/v2\/comments?post=9882"}],"version-history":[{"count":0,"href":"https:\/\/meier-gerdingh.de\/wp-spd-ob\/wp-json\/wp\/v2\/posts\/9882\/revisions"}],"wp:attachment":[{"href":"https:\/\/meier-gerdingh.de\/wp-spd-ob\/wp-json\/wp\/v2\/media?parent=9882"}],"wp:term":[{"taxonomy":"category","embeddable":true,"href":"https:\/\/meier-gerdingh.de\/wp-spd-ob\/wp-json\/wp\/v2\/categories?post=9882"},{"taxonomy":"post_tag","embeddable":true,"href":"https:\/\/meier-gerdingh.de\/wp-spd-ob\/wp-json\/wp\/v2\/tags?post=9882"},{"taxonomy":"quellen","embeddable":true,"href":"https:\/\/meier-gerdingh.de\/wp-spd-ob\/wp-json\/wp\/v2\/quellen?post=9882"}],"curies":[{"name":"wp","href":"https:\/\/api.w.org\/{rel}","templated":true}]}}