{"id":9884,"date":"2022-11-24T18:13:13","date_gmt":"2022-11-24T17:13:13","guid":{"rendered":"https:\/\/meier-gerdingh.de\/wp-spd-ob\/?p=9884"},"modified":"2022-11-24T18:13:13","modified_gmt":"2022-11-24T17:13:13","slug":"landesregierung-haelt-nicht-wort-strassenausbaubeitraege-bleiben-keine-entlastung-fuer-buerger","status":"publish","type":"post","link":"https:\/\/meier-gerdingh.de\/wp-spd-ob\/2022\/11\/24\/landesregierung-haelt-nicht-wort-strassenausbaubeitraege-bleiben-keine-entlastung-fuer-buerger\/","title":{"rendered":"&#8222;Landesregierung h\u00e4lt nicht Wort \u2013 Stra\u00dfenausbaubeitr\u00e4ge bleiben \u2013 keine Entlastung f\u00fcr B\u00fcrger&#8220;"},"content":{"rendered":"<div id=\"attachment_7690\" style=\"width: 170px\" class=\"wp-caption alignleft\"><a href=\"https:\/\/meier-gerdingh.de\/wp-spd-ob\/wp-content\/uploads\/2020\/11\/bongers-sonja-2020-lg.jpg\"><img aria-describedby=\"caption-attachment-7690\" decoding=\"async\" class=\"size-full wp-image-7690\" src=\"https:\/\/meier-gerdingh.de\/wp-spd-ob\/wp-content\/uploads\/2020\/11\/bongers-sonja-2020.jpg\" alt=\"\" width=\"160\" height=\"200\" \/><\/a><p id=\"caption-attachment-7690\" class=\"wp-caption-text\">Sonja Bongers ist Vorsitzende der SPD-Ratsfraktion und Mitglied des Landtags von Nordrhein-Westfalen<\/p><\/div>\n<p>Die SPD-Landtagsabgeordnete Sonja Bongers hat die Aussagen von CDU-Bauministerin Ina Scharrenbach, dass die Stra\u00dfenausbeitr\u00e4ge wohl nicht abgeschafft werden, scharf kritisiert. &#8222;Das ist schlichtweg ein Wahlbetrug. Ich kann mich noch erinnern, wie die CDU die Abschaffung der Beitr\u00e4ge im Wahlkampf als auch im Landtag instrumentalisiert hat, um Stimmung f\u00fcr sich zu machen. Und nun sagt uns die zust\u00e4ndige Bauministerin, dass man die Sache im kommenden Jahr weiterverfolgen m\u00f6chte, aber auch nur, wenn keine neue Krise kommt. Das ist ungeheuerlich und ein Schlag ins Gesicht der B\u00fcrgerinnen und B\u00fcrger&#8220;, sagte Bongers.<!--more--><\/p>\n<h3 class=\"spd-ob-crossheading\">Experten \u00e4u\u00dfern Kritik<\/h3>\n<p>Auch von Seiten von Experten gibt es Kritik an der Politik der Landesregierung zu dem Thema. So hei\u00dft es vom Verband Wohneigentum NRW, dass das von der Landesregierung in Auftrag gegebene Gutachten keinen Vorschlag zur Abschaffung der Stra\u00dfenausbeitr\u00e4ge enthalte. Zudem werde \u00fcberhaupt kein Vorschlag gemacht, der den B\u00fcrgern Sicherheit gebe, dass sie am Ende nicht doch massiv zahlen m\u00fcssten.<\/p>\n<h3 class=\"spd-ob-crossheading\">Belastung f\u00fcr Kommunen<\/h3>\n<p>Ein Sprecher des St\u00e4dte- und Gemeindebunds NRW sagte gegen\u00fcber der Rheinischen Post, dass die Kommunen dauerhaft in den Erhalt des Stra\u00dfennetzes investieren m\u00fcssen. Das Land stehe darum in der Pflicht, den Wegfall von Beitr\u00e4gen dauerhaft und vollst\u00e4ndig zu kompensieren. Daf\u00fcr brauche es eine verl\u00e4ssliche Regelung mit m\u00f6glichst wenig Verwaltungsaufwand. Dabei k\u00f6nnen F\u00f6rderprogramme auf Dauer keine L\u00f6sung sein, weil sie je nach politischer Opportunit\u00e4t gekappt werden k\u00f6nnten.<\/p>\n<p>&#8222;Der Zustand f\u00fcr die Kommunen ist sehr belastend. Die St\u00e4dte und Gemeinden sind weiterhin gezwungen, die Stra\u00dfenausbeitr\u00e4ge zu erheben. Und das alles zu Lasten der Menschen&#8220;, so Bongers weiter.<\/p>\n","protected":false},"excerpt":{"rendered":"<p>Die SPD-Landtagsabgeordnete Sonja Bongers hat die Aussagen von CDU-Bauministerin Ina Scharrenbach, dass die Stra\u00dfenausbeitr\u00e4ge wohl nicht abgeschafft werden, scharf kritisiert. &#8222;Das ist schlichtweg ein Wahlbetrug. Ich kann mich noch erinnern,&hellip; <\/p>\n","protected":false},"author":1,"featured_media":0,"comment_status":"closed","ping_status":"closed","sticky":false,"template":"","format":"standard","meta":{"footnotes":""},"categories":[98,216],"tags":[2031,3082,3325,3163,3162,1717,1712,1136],"quellen":[1317],"class_list":["post-9884","post","type-post","status-publish","format-standard","hentry","category-finanzen","category-land","tag-anliegerbeitraege","tag-erschliessungsbeitraege","tag-foerderprogramm-strassenausbaubeitraege","tag-kag","tag-kommunalabgabengesetz","tag-strassenausbaubeitraege","tag-strassenbaubeitraege","tag-strassensanierung","quellen-mdl-sonja-bongers"],"_links":{"self":[{"href":"https:\/\/meier-gerdingh.de\/wp-spd-ob\/wp-json\/wp\/v2\/posts\/9884","targetHints":{"allow":["GET"]}}],"collection":[{"href":"https:\/\/meier-gerdingh.de\/wp-spd-ob\/wp-json\/wp\/v2\/posts"}],"about":[{"href":"https:\/\/meier-gerdingh.de\/wp-spd-ob\/wp-json\/wp\/v2\/types\/post"}],"author":[{"embeddable":true,"href":"https:\/\/meier-gerdingh.de\/wp-spd-ob\/wp-json\/wp\/v2\/users\/1"}],"replies":[{"embeddable":true,"href":"https:\/\/meier-gerdingh.de\/wp-spd-ob\/wp-json\/wp\/v2\/comments?post=9884"}],"version-history":[{"count":0,"href":"https:\/\/meier-gerdingh.de\/wp-spd-ob\/wp-json\/wp\/v2\/posts\/9884\/revisions"}],"wp:attachment":[{"href":"https:\/\/meier-gerdingh.de\/wp-spd-ob\/wp-json\/wp\/v2\/media?parent=9884"}],"wp:term":[{"taxonomy":"category","embeddable":true,"href":"https:\/\/meier-gerdingh.de\/wp-spd-ob\/wp-json\/wp\/v2\/categories?post=9884"},{"taxonomy":"post_tag","embeddable":true,"href":"https:\/\/meier-gerdingh.de\/wp-spd-ob\/wp-json\/wp\/v2\/tags?post=9884"},{"taxonomy":"quellen","embeddable":true,"href":"https:\/\/meier-gerdingh.de\/wp-spd-ob\/wp-json\/wp\/v2\/quellen?post=9884"}],"curies":[{"name":"wp","href":"https:\/\/api.w.org\/{rel}","templated":true}]}}