{"id":993,"date":"2012-07-25T16:00:00","date_gmt":"2012-07-25T14:00:00","guid":{"rendered":"http:\/\/www.meier-gerdingh.de\/spd-oberhausen\/wp\/?p=993"},"modified":"2017-05-17T18:02:03","modified_gmt":"2017-05-17T16:02:03","slug":"termine-der-spd-sommerschule-2012","status":"publish","type":"post","link":"https:\/\/meier-gerdingh.de\/wp-spd-ob\/2012\/07\/25\/termine-der-spd-sommerschule-2012\/","title":{"rendered":"Termine der SPD-Sommerschule 2012"},"content":{"rendered":"<p><a href=\"http:\/\/meier-gerdingh.de\/wp-spd-ob\/wp-content\/uploads\/logo_spd_oberhausen.png\"><img decoding=\"async\" class=\"size-full alignleft\" src=\"http:\/\/meier-gerdingh.de\/wp-spd-ob\/wp-content\/uploads\/logo_spd_oberhausen.png\" alt=\"\" width=\"174\" height=\"174\" \/><\/a>Wie in jedem Jahr wollen wir auch diesmal die sitzungsfreie Zeit nutzen, um uns vor Ort \u00fcber wichtige Projekte der Stadtentwicklung zu informieren. Dazu haben wir eine kommunalpolitische Sommerschule ausgearbeitet, die an einigen Beispielen zeigt: Es tut sich was in Oberhausen. Wie immer kann diese Auswahl nicht alle aktuellen Ma\u00dfnahmen und Projekte in Oberhausen ber\u00fccksichtigen. Wir hoffen aber, das Programm erm\u00f6glicht allen Interessierten einen \u00dcberblick, wie die Entwicklung unserer Stadt weitergeht.<!--more--><\/p>\n<p>Die Termine im Einzelnen:<\/p>\n<p><b>1. Termin: Donnerstag, 02. August 2012, 16.00 Uhr<br \/>\nThema: Kultur im Bahnhofsturm &#8211; Kreative Ideen f\u00fcr die Innenstadt<br \/>\nTreffpunkt: Hauptbahnhof, am Bahnhofsturm<\/b><\/p>\n<p>Am ersten Sommerschultag werfen wir einen Blick hinter die schmucken gelben Vorh\u00e4nge, die zurzeit noch un\u00fcbersehbar die Fenster des Oberhausener Bahnhofsturms zieren. Denn hier steht nach knapp zwei Jahren ein ganz au\u00dfergew\u00f6hnliches Bauvorhaben kurz vor seiner Fertigstellung: Der Um- und Ausbau der Geschosse 3 bis 5 des ehemaligen Wasserturms des Hauptbahnhofs zu einem Zentrum f\u00fcr kreative und innovative K\u00f6pfe aus den Bereichen Kunst, Architektur, Kreativwirtschaft und Kulturmanagement mitten im Herzen der Innenstadt von Alt-Oberhausen. Treibende Kraft ist der Verein <b>&#8222;Kultur im Turm e.V.&#8220; ? kitev<\/b>, der in enger Zusammenarbeit mit der Stadt, dem Land NRW und der Deutschen Bahn die Voraussetzungen f\u00fcr dieses einzigartige Projekt zur Belebung der Oberhausener City durch die Kreativwirtschaft geschaffen hat. Die Gesamtkosten belaufen sich auf 635.000 Euro, von denen allein 500.000 Euro aus dem St\u00e4dtebauf\u00f6rderprogramm &#8222;Initiative ergreifen&#8220; des Landes NRW kommen.<\/p>\n<p>Unser Kulturdezernent und K\u00e4mmerer <b>Apostolos Tsalastras<\/b> wird uns zusammen mit Vertretern des Vereins kitev durch die neu gestalteten R\u00e4umlichkeiten unterhalb der ehemaligen Wassertanks im Bahnhofsturm f\u00fchren. Anschlie\u00dfend informiert City-Manager Franz-Josef Muckel \u00fcber aktuelle Projekte und Entwicklungen in der Innenstadt von Alt-Oberhausen und wird dabei insbesondere auch auf m\u00f6gliche Perspektiven f\u00fcr die zentrale Geb\u00e4ude-Achse Finanzamt, JVA und Post eingehen.<\/p>\n<p>Die Leitung des Termins \u00fcbernimmt der stellvertretende Vorsitzende der SPD-Fraktion <b>Karl-Heinz Emmerich<\/b>.<\/p>\n<p><b>2. Termin: Donnerstag, 09. August 2012, 16.00 Uhr<br \/>\nThema: Entwicklungsvision 2020 &#8211; die Umgestaltung des Rheinischen Industriemuseums<br \/>\nTreffpunkt: Peter-Behrens-Bau, Essener Str.\u00a080, an der Hauptrampe<\/b><\/p>\n<p>Zur Halbzeit der diesj\u00e4hrigen SPD-Sommerschule besch\u00e4ftigen wir uns mit der Industriekultur Oberhausens. Im Zentraldepot des Rheinischen Industriemuseums des LVR im Peter-Behrens-Bau lagern rund 300.00 Exponate. Von der Arbeitsjacke bis zum Zinkengel, von der Antriebswelle bis zur Zeitschaltuhr ist alles im ehemaligen Hauptlagerhaus der Gutehoffnungsh\u00fctte in Oberhausen untergebracht. Der Peter-Behrens-Bau geh\u00f6rt gemeinsam mit der ehemaligen Zinkfabrik Altenberg, dem Museumsbahnsteig, dem Museum Eisenheim und der St. Antony-H\u00fctte zum Oberhausener &#8222;Schauplatz&#8220; des Industriemuseums.<\/p>\n<p>Bei dem Blick hinter die Kulissen des Zentraldepots und einem Rundgang durch den Peter-Behrens-Bau wird uns der Direktor des Industriemuseums, <b>Dr. Walter Hauser<\/b> begleiten.<\/p>\n<p>Anschlie\u00dfend werden uns die Entwicklungsvisionen f\u00fcr das Rheinische Industriemuseum 2020 anhand eines Vortrags vorgestellt. Der Landschaftsverband Rheinland plant hierzu in den kommenden Jahren gr\u00f6\u00dfere Investitionen und Umgestaltungen f\u00fcr den Standort Oberhausen, die uns pr\u00e4sentiert werden sollen.<\/p>\n<p>Die Leitung des Termins \u00fcbernimmt <b>Anne Jan\u00dfen<\/b>, stellvertretende Vorsitzende der SPD-Fraktion.<\/p>\n<p><b>3. Termin: Donnerstag, 16. August 2012, 16.00 Uhr<br \/>\nThema: Neues auf der Emscher-Insel &#8211; Perspektiven der Sportst\u00e4ttenentwicklung<br \/>\nTreffpunkt: Sport- und Freizeitanlage des SSB, Lindnerstr.\u00a02<\/b><\/p>\n<p>An eine gute Tradition aus den Vorjahren ankn\u00fcpfend, wollen wir auch in diesem Jahr unsere kleine Sommerschulreihe mit einem informativen und einem geselligen Teil beschlie\u00dfen. Zun\u00e4chst werden uns <b>Frank Motschull<\/b>, st\u00e4dtischer Beigeordneter f\u00fcr Sport, und <b>Dietmar Ingenerf<\/b>, Bereichsleiter Sport der Stadt Oberhausen, durch das mittlerweile fast komplett fertig gestellte Fu\u00dfball-Leistungszentrum mit seinen neuen Platzanlagen inklusive dem Nebengeb\u00e4ude f\u00fchren. Wir werden feststellen: Hier auf der Emscher-Insel ist ein echtes Schmuckst\u00fcck der Oberhausener Sportlandschaft entstanden.<\/p>\n<p>Im zweiten Teil dieser Sommerschule wird Sportdezernent Frank Motschull erste \u00dcberlegungen der Verwaltung zur Fortsetzung des erfolgreichen Oberhausener Sportst\u00e4ttenpakets vorstellen, das hei\u00dft Ideen, Konzepte und Ma\u00dfnahmen, mit denen der Erhalt einer langfristig attraktiven und nachhaltig finanzierbaren sportlichen Infrastruktur in unserer Stadt sicher gestellt werden kann.<\/p>\n<p>Bei gek\u00fchlten Getr\u00e4nken und leckeren Sachen vom Grill wollen wir anschlie\u00dfend die diesj\u00e4hrige Sommerschule im Sport- und Freizeitpark des SSB am Stadion Niederrhein ausklingen lassen.<\/p>\n<p>Die Leitung dieses Termins \u00fcbernehmen <b>Wolfgang Gro\u00dfe Br\u00f6mer<\/b>, Vorsitzender der SPD-Fraktion, und <b>Klaus K\u00f6sling<\/b>, AK-Leiter Sport der SPD-Fraktion.<\/p>\n","protected":false},"excerpt":{"rendered":"<p>Wie in jedem Jahr wollen wir auch diesmal die sitzungsfreie Zeit nutzen, um uns vor Ort \u00fcber wichtige Projekte der Stadtentwicklung zu informieren. Dazu haben wir eine kommunalpolitische Sommerschule ausgearbeitet,&hellip; <\/p>\n","protected":false},"author":1,"featured_media":0,"comment_status":"closed","ping_status":"closed","sticky":false,"template":"","format":"standard","meta":{"footnotes":""},"categories":[1],"tags":[],"quellen":[],"class_list":["post-993","post","type-post","status-publish","format-standard","hentry","category-allgemein"],"_links":{"self":[{"href":"https:\/\/meier-gerdingh.de\/wp-spd-ob\/wp-json\/wp\/v2\/posts\/993","targetHints":{"allow":["GET"]}}],"collection":[{"href":"https:\/\/meier-gerdingh.de\/wp-spd-ob\/wp-json\/wp\/v2\/posts"}],"about":[{"href":"https:\/\/meier-gerdingh.de\/wp-spd-ob\/wp-json\/wp\/v2\/types\/post"}],"author":[{"embeddable":true,"href":"https:\/\/meier-gerdingh.de\/wp-spd-ob\/wp-json\/wp\/v2\/users\/1"}],"replies":[{"embeddable":true,"href":"https:\/\/meier-gerdingh.de\/wp-spd-ob\/wp-json\/wp\/v2\/comments?post=993"}],"version-history":[{"count":0,"href":"https:\/\/meier-gerdingh.de\/wp-spd-ob\/wp-json\/wp\/v2\/posts\/993\/revisions"}],"wp:attachment":[{"href":"https:\/\/meier-gerdingh.de\/wp-spd-ob\/wp-json\/wp\/v2\/media?parent=993"}],"wp:term":[{"taxonomy":"category","embeddable":true,"href":"https:\/\/meier-gerdingh.de\/wp-spd-ob\/wp-json\/wp\/v2\/categories?post=993"},{"taxonomy":"post_tag","embeddable":true,"href":"https:\/\/meier-gerdingh.de\/wp-spd-ob\/wp-json\/wp\/v2\/tags?post=993"},{"taxonomy":"quellen","embeddable":true,"href":"https:\/\/meier-gerdingh.de\/wp-spd-ob\/wp-json\/wp\/v2\/quellen?post=993"}],"curies":[{"name":"wp","href":"https:\/\/api.w.org\/{rel}","templated":true}]}}