{"id":9934,"date":"2022-11-25T11:45:32","date_gmt":"2022-11-25T10:45:32","guid":{"rendered":"https:\/\/meier-gerdingh.de\/wp-spd-ob\/?p=9934"},"modified":"2022-11-25T11:45:32","modified_gmt":"2022-11-25T10:45:32","slug":"pflegende-angehoerige-brauchen-mehr-unterstuetzung","status":"publish","type":"post","link":"https:\/\/meier-gerdingh.de\/wp-spd-ob\/2022\/11\/25\/pflegende-angehoerige-brauchen-mehr-unterstuetzung\/","title":{"rendered":"&#8222;Pflegende Angeh\u00f6rige brauchen mehr Unterst\u00fctzung&#8220;"},"content":{"rendered":"<div id=\"attachment_7690\" style=\"width: 170px\" class=\"wp-caption alignleft\"><a href=\"https:\/\/meier-gerdingh.de\/wp-spd-ob\/wp-content\/uploads\/2020\/11\/bongers-sonja-2020-lg.jpg\"><img aria-describedby=\"caption-attachment-7690\" decoding=\"async\" class=\"size-full wp-image-7690\" src=\"https:\/\/meier-gerdingh.de\/wp-spd-ob\/wp-content\/uploads\/2020\/11\/bongers-sonja-2020.jpg\" alt=\"\" width=\"160\" height=\"200\" \/><\/a><p id=\"caption-attachment-7690\" class=\"wp-caption-text\">Sonja Bongers ist Vorsitzende der SPD-Ratsfraktion und Mitglied des Landtags von Nordrhein-Westfalen<\/p><\/div>\n<p>In den kommenden Jahren wird der Pflegebedarf weiter steigen und pflegende Angeh\u00f6rige werden eine zentrale Rolle f\u00fcr eine gute Pflege und einen w\u00fcrdevollen letzten Lebensabschnitt in Nordrhein-Westfalen einnehmen. &#8222;Wir m\u00fcssen daf\u00fcr sorgen, dass diesen Menschen endlich umfangreiche Entlastungs-, Beratungs- und Unterst\u00fctzungsma\u00dfnahmen zugesichert werden&#8220;, sagte die SPD-Landtagsabgeordnete Sonja Bongers. M\u00f6glich w\u00e4re dies durch die Einsetzung einer Bundesratsinitiative, die die Interessen pflegender Angeh\u00f6riger besser vertritt, so Bongers weiter.<!--more--><\/p>\n<h3 class=\"spd-ob-crossheading\">Rentenzahlungen m\u00fcssen ansteigen<\/h3>\n<p>Besonders wichtig ist f\u00fcr die Rechtsexpertin, dass die Zeiten der Pflege in der Berechnung der Rente von pflegenden Angeh\u00f6rigen unabh\u00e4ngig von den bereits erhaltenen Hilfeleistungen viel besser ber\u00fccksichtigt werden. Dazu sollte der Beitragszuschlag f\u00fcr Kinderlose pflegende Angeh\u00f6rige gestrichen und ein vollst\u00e4ndiger Lohnausgleich bei Reduzierung der Arbeitszeit f\u00fcr pflegende Angeh\u00f6rige erm\u00f6glicht werden. &#8222;Wenn dann noch das Pflegegeld angehoben w\u00fcrde, w\u00e4re man schon einen ganzen Schritt weiter&#8220;, so Bongers.<\/p>\n<h3 class=\"spd-ob-crossheading\">Mehr professionelle Ansprechpartner<\/h3>\n<p>Gro\u00dfe Bedeutung beim Thema Pflege hat auch die Informationspolitik. &#8222;Es ist immer noch so, dass viele Pflegende noch nicht fl\u00e4chendeckend auf eine Beratungs- und Unterst\u00fctzungsinfrastruktur zur\u00fcckgreifen k\u00f6nnen. Das muss noch Einiges passieren und vor allem m\u00fcssen die Kommunen dabei finanziell und personell unterst\u00fctzt werden. Zudem muss ein einschl\u00e4gig qualifiziertes Institut f\u00fcr angewandte Pflegeforschung damit beauftragt werden, die derzeitigen GemeindeschwesterPlus-Modelle wissenschaftlich zu begleiten und am Ende der Projektdauer zu evaluieren. Nur so erreicht man valide Daten, mit denen man arbeiten kann und die Bedarfe besser einsch\u00e4tzen kann, sagte die SPD-Politikerin. Ein Landesprogramm zur F\u00f6rderung von Kurzzeit-, Tages- und Nachtpflegepl\u00e4tzen, sowie einen Ausbau von Pflegehotels, wie wir es vorschlagen, w\u00fcrde schon zu bedeutenden Verbesserungen beitragen&#8220;, so Bongers.<\/p>\n","protected":false},"excerpt":{"rendered":"<p>In den kommenden Jahren wird der Pflegebedarf weiter steigen und pflegende Angeh\u00f6rige werden eine zentrale Rolle f\u00fcr eine gute Pflege und einen w\u00fcrdevollen letzten Lebensabschnitt in Nordrhein-Westfalen einnehmen. &#8222;Wir m\u00fcssen&hellip; <\/p>\n","protected":false},"author":1,"featured_media":0,"comment_status":"closed","ping_status":"closed","sticky":false,"template":"","format":"standard","meta":{"footnotes":""},"categories":[297],"tags":[3329,472,3330,3326,3328,1705,3327,2585,703],"quellen":[1317],"class_list":["post-9934","post","type-post","status-publish","format-standard","hentry","category-gesundheit","tag-gemeindeschwesterplus-modelle","tag-pflege","tag-pflegebedarf","tag-pflegegeld","tag-pflegehotels","tag-pflegende-angehoerige","tag-pflegeplaetze","tag-pflegerinnen-und-pfleger","tag-rente","quellen-mdl-sonja-bongers"],"_links":{"self":[{"href":"https:\/\/meier-gerdingh.de\/wp-spd-ob\/wp-json\/wp\/v2\/posts\/9934","targetHints":{"allow":["GET"]}}],"collection":[{"href":"https:\/\/meier-gerdingh.de\/wp-spd-ob\/wp-json\/wp\/v2\/posts"}],"about":[{"href":"https:\/\/meier-gerdingh.de\/wp-spd-ob\/wp-json\/wp\/v2\/types\/post"}],"author":[{"embeddable":true,"href":"https:\/\/meier-gerdingh.de\/wp-spd-ob\/wp-json\/wp\/v2\/users\/1"}],"replies":[{"embeddable":true,"href":"https:\/\/meier-gerdingh.de\/wp-spd-ob\/wp-json\/wp\/v2\/comments?post=9934"}],"version-history":[{"count":0,"href":"https:\/\/meier-gerdingh.de\/wp-spd-ob\/wp-json\/wp\/v2\/posts\/9934\/revisions"}],"wp:attachment":[{"href":"https:\/\/meier-gerdingh.de\/wp-spd-ob\/wp-json\/wp\/v2\/media?parent=9934"}],"wp:term":[{"taxonomy":"category","embeddable":true,"href":"https:\/\/meier-gerdingh.de\/wp-spd-ob\/wp-json\/wp\/v2\/categories?post=9934"},{"taxonomy":"post_tag","embeddable":true,"href":"https:\/\/meier-gerdingh.de\/wp-spd-ob\/wp-json\/wp\/v2\/tags?post=9934"},{"taxonomy":"quellen","embeddable":true,"href":"https:\/\/meier-gerdingh.de\/wp-spd-ob\/wp-json\/wp\/v2\/quellen?post=9934"}],"curies":[{"name":"wp","href":"https:\/\/api.w.org\/{rel}","templated":true}]}}