{"id":994,"date":"2012-08-06T16:00:00","date_gmt":"2012-08-06T14:00:00","guid":{"rendered":"http:\/\/www.meier-gerdingh.de\/spd-oberhausen\/wp\/?p=994"},"modified":"2017-05-17T18:01:41","modified_gmt":"2017-05-17T16:01:41","slug":"kunst-und-kultur-im-bahnhofsturm","status":"publish","type":"post","link":"https:\/\/meier-gerdingh.de\/wp-spd-ob\/2012\/08\/06\/kunst-und-kultur-im-bahnhofsturm\/","title":{"rendered":"Kunst und Kultur im Bahnhofsturm"},"content":{"rendered":"<div style=\"width: 210px\" class=\"wp-caption alignleft\"><a href=\"http:\/\/meier-gerdingh.de\/wp-spd-ob\/wp-content\/uploads\/spd_sommerschule_12_01.jpg\"><img decoding=\"async\" class=\"size-full\" src=\"http:\/\/meier-gerdingh.de\/wp-spd-ob\/wp-content\/uploads\/spd_sommerschule_12_01.jpg\" alt=\"Christoph Stark vom Verein kitev erl\u00e4utert den Teilnehmerinnen und Teilnehmern der SPD-Sommerschule die Umbauarbeiten im Bahnhofsturm\" width=\"200\" height=\"132\" \/><\/a><p class=\"wp-caption-text\">Christoph Stark vom Verein kitev erl\u00e4utert den Teilnehmerinnen und Teilnehmern der SPD-Sommerschule die Umbauarbeiten im Bahnhofsturm<\/p><\/div>\n<p>&#8222;Ganz sch\u00f6n imposant&#8220;, staunte so mancher Teilnehmer beim Auftakt der SPD-Sommerschule unter der Leitung des stellvertretenden SPD-Fraktionsvorsitzenden, Karl-Heinz Emmerich, nicht schlecht, als nach einem Anstieg \u00fcber mehrere Etagen die beiden massiven Wassertanks unterhalb des Dachs des Bahnhofsturms in Sicht kommen. Nach knapp zwei Jahren schreitet ein au\u00dfergew\u00f6hnliches Vorhaben mitten im Herzen der Innenstadt von Alt-Oberhausen weiter voran. Anlass genug f\u00fcr die fast 70 Teilnehmer, um sich zusammen mit Kulturdezernent und K\u00e4mmerer Apostolos Tsalastras sowie den Gr\u00fcndungs- und Vorstandsmitgliedern des Vereins &#8222;kitev&#8220;, Christoph Stark und Agnieszka Wnuczak, durch die neu gestalteten R\u00e4umlichkeiten im Bahnhofsturm f\u00fchren zu lassen.<!--more--><\/p>\n<p>Bemerkenswert sind nicht nur die Dimension des Turms, der Ausblick \u00fcber die Stadt und die beiden Wassertanks unter dem Dach, sondern auch die Art des Projekts, das den Umbau der Etagen 3 bis 5 des ehemaligen Wasserturms zu einem Zentrum der Kreativwirtschaft vorsieht. Im Mittelpunkt steht der Verein &#8222;Kultur im Turm e.V.&#8220; &#8211; kitev, der in enger Zusammenarbeit mit der Stadt, dem Land NRW und der Deutschen Bahn die Voraussetzungen f\u00fcr dieses einzigartige Projekt zur Belebung der Oberhausener City schafft.<\/p>\n<p>Hier wird deutlich, was mit vereinten Kr\u00e4ften und b\u00fcrgerschaftlichem Engagement auch in Zeiten knapper Kassen und Haushaltssicherung m\u00f6glich ist. Die langj\u00e4hrig vereinbarte Mietfreiheit und der Einsatz zahlreicher Sponsoren, Freunde und Partner sind au\u00dferdem Grundlage, um hier trotz verh\u00e4ltnism\u00e4\u00dfig kleinen Budgets auch mit einigen &#8222;improvisierten Konstruktionen und Installationen&#8220; etwas bewegen zu k\u00f6nnen, erl\u00e4uterte Vereinsvorstand Christoph Stark den Besuchern der Bahnhofsturm-Baustelle. Die K\u00fcnstler loben zudem &#8222;die gute Kommunikation zwischen Stadt, Wirtschaft und Kreativen&#8220;.<\/p>\n<p>Das Gesamtvolumen bel\u00e4uft sich auf 635.000 Euro, von denen allein 500.000 Euro aus dem St\u00e4dtebauf\u00f6rderprogramm &#8222;Initiative ergreifen&#8220; des Landes NRW kommen. F\u00fcr die R\u00e4umlichkeiten sei eine Vielzahl unterschiedlicher Nutzungsformen denkbar, darunter innovative Design-Projekte, soziale Engagements oder avancierte k\u00fcnstlerische und theoretische Initiativen. Die ehemaligen Wassertanks im sechsten Geschoss dienten bereits als Klangraum f\u00fcr Audioexperimente aus aller Welt.<\/p>\n<p>Nach dem Rundgang informierte City-Manager Franz-Josef Muckel \u00fcber aktuelle Entwicklungen rund um das &#8222;Bahnhofskarree&#8220; von Alt-Oberhausen und sprach insbesondere auch Perspektiven f\u00fcr die zentrale Geb\u00e4ude-Achse Finanzamt, JVA und Post an. Hier sollen B\u00fcrger in Workshops zur Mitgestaltung und Einbringung eigener Ideen eingeladen werden. Eine M\u00f6glichkeit gegen Leerst\u00e4nde und f\u00fcr neue Impulse sei die Fortsetzung der im Wasserturm erfolgreichen Ansiedlung von jungen Kreativen. Aber auch die Bereicherung um verschiedene Bildungsangebote k\u00f6nne eine Variante sein, um die Attraktivit\u00e4t der zentralen Lage zu erh\u00f6hen.<\/p>\n","protected":false},"excerpt":{"rendered":"<p>&#8222;Ganz sch\u00f6n imposant&#8220;, staunte so mancher Teilnehmer beim Auftakt der SPD-Sommerschule unter der Leitung des stellvertretenden SPD-Fraktionsvorsitzenden, Karl-Heinz Emmerich, nicht schlecht, als nach einem Anstieg \u00fcber mehrere Etagen die beiden&hellip; <\/p>\n","protected":false},"author":1,"featured_media":0,"comment_status":"closed","ping_status":"closed","sticky":false,"template":"","format":"standard","meta":{"footnotes":""},"categories":[1],"tags":[],"quellen":[],"class_list":["post-994","post","type-post","status-publish","format-standard","hentry","category-allgemein"],"_links":{"self":[{"href":"https:\/\/meier-gerdingh.de\/wp-spd-ob\/wp-json\/wp\/v2\/posts\/994","targetHints":{"allow":["GET"]}}],"collection":[{"href":"https:\/\/meier-gerdingh.de\/wp-spd-ob\/wp-json\/wp\/v2\/posts"}],"about":[{"href":"https:\/\/meier-gerdingh.de\/wp-spd-ob\/wp-json\/wp\/v2\/types\/post"}],"author":[{"embeddable":true,"href":"https:\/\/meier-gerdingh.de\/wp-spd-ob\/wp-json\/wp\/v2\/users\/1"}],"replies":[{"embeddable":true,"href":"https:\/\/meier-gerdingh.de\/wp-spd-ob\/wp-json\/wp\/v2\/comments?post=994"}],"version-history":[{"count":0,"href":"https:\/\/meier-gerdingh.de\/wp-spd-ob\/wp-json\/wp\/v2\/posts\/994\/revisions"}],"wp:attachment":[{"href":"https:\/\/meier-gerdingh.de\/wp-spd-ob\/wp-json\/wp\/v2\/media?parent=994"}],"wp:term":[{"taxonomy":"category","embeddable":true,"href":"https:\/\/meier-gerdingh.de\/wp-spd-ob\/wp-json\/wp\/v2\/categories?post=994"},{"taxonomy":"post_tag","embeddable":true,"href":"https:\/\/meier-gerdingh.de\/wp-spd-ob\/wp-json\/wp\/v2\/tags?post=994"},{"taxonomy":"quellen","embeddable":true,"href":"https:\/\/meier-gerdingh.de\/wp-spd-ob\/wp-json\/wp\/v2\/quellen?post=994"}],"curies":[{"name":"wp","href":"https:\/\/api.w.org\/{rel}","templated":true}]}}