{"id":9948,"date":"2022-11-26T17:00:14","date_gmt":"2022-11-26T16:00:14","guid":{"rendered":"https:\/\/meier-gerdingh.de\/wp-spd-ob\/?p=9948"},"modified":"2022-11-27T14:03:38","modified_gmt":"2022-11-27T13:03:38","slug":"mdbs-dirk-voepel-und-jens-peick-informieren-im-haus-union-ueber-das-neue-buergergeld","status":"publish","type":"post","link":"https:\/\/meier-gerdingh.de\/wp-spd-ob\/2022\/11\/26\/mdbs-dirk-voepel-und-jens-peick-informieren-im-haus-union-ueber-das-neue-buergergeld\/","title":{"rendered":"MdBs Dirk V\u00f6pel und Jens Peick informieren im Haus Union \u00fcber das neue B\u00fcrgergeld"},"content":{"rendered":"<p><a href=\"https:\/\/meier-gerdingh.de\/wp-spd-ob\/wp-content\/uploads\/2022\/11\/banner-spd-bt-fraktion-neues-buergergeld.jpg\"><img decoding=\"async\" class=\"aligncenter size-full wp-image-9949\" src=\"https:\/\/meier-gerdingh.de\/wp-spd-ob\/wp-content\/uploads\/2022\/11\/banner-spd-bt-fraktion-neues-buergergeld.jpg\" alt=\"\" width=\"700\" height=\"300\" srcset=\"https:\/\/meier-gerdingh.de\/wp-spd-ob\/wp-content\/uploads\/2022\/11\/banner-spd-bt-fraktion-neues-buergergeld.jpg 700w, https:\/\/meier-gerdingh.de\/wp-spd-ob\/wp-content\/uploads\/2022\/11\/banner-spd-bt-fraktion-neues-buergergeld-300x129.jpg 300w\" sizes=\"(max-width: 700px) 100vw, 700px\" \/><\/a>Was bringt das neue B\u00fcrgergeld? Ist Hartz IV nun endg\u00fcltig Geschichte? Und welche Zugest\u00e4ndnisse mussten im Rahmen des Vermittlungsverfahrens zwischen Bundestag und Bundesrat gemacht werden? Um diese und andere Fragen geht es bei einer <strong>Informations- und Diskussionsveranstaltung<\/strong> der SPD-Bundestagsfraktion am <strong>Donnerstag, 08.12.2022, ab 18.30 Uhr, im <a href=\"http:\/\/www.hotel-hausunion.de\/de\/\">Hotel Haus Union<\/a><\/strong>, zu der die beiden Bundestagsabgeordneten Dirk und Jens Peick alle Interessierten herzlich einladen.<\/p>\n<p>Ab dem 1. Januar 2023 soll das neue B\u00fcrgergeld die alte Grundsicherung ersetzen. 20 Jahre nachdem die Hartz-Kommission die Grundlage f\u00fcr die tiefgreifenden Hartz-Reformen gelegt hat, vollzieht sich damit ein fundamentaler Wandel des Sozialstaats. Im Rahmen der Veranstaltung werden Dirk V\u00f6pel, MdB f\u00fcr Oberhausen und Dinslaken, sowie Jens Peick, Mitglied des Bundestagsausschusses f\u00fcr Arbeit und Soziales, \u00fcber die Einf\u00fchrung des B\u00fcrgergelds informieren und mit dem Publikum diskutieren.<!--more--><\/p>\n<h3 class=\"spd-ob-crossheading\">Fraktion vor Ort<\/h3>\n<p><strong>Donnerstag, 08.12.2022, 18.30 Uhr<br \/>\nim Hotel Haus Union,<br \/>\nSchenkendorfstra\u00dfe 13,<br \/>\n46047 Oberhausen<\/strong><\/p>\n<h3 class=\"spd-ob-crossheading\">Programm<\/h3>\n<ul>\n<li><strong>Ab 18.30 Uhr<\/strong><br \/>\n<strong>Einlass<\/strong><\/li>\n<li><strong>18.30 Uhr<\/strong><br \/>\n<strong>Begr\u00fc\u00dfung und Einf\u00fchrung<\/strong><br \/>\nDirk V\u00f6pel, MdB<br \/>\nSPD-Bundestagsfraktion<\/li>\n<li><strong>18.35 Uhr<\/strong><br \/>\n<strong>Impulsvortrag<\/strong><br \/>\nJens Peick, MdB<br \/>\nSPD-Bundestagsfraktion<br \/>\nMitglied im Ausschuss f\u00fcr Arbeit und Soziales<\/li>\n<li><strong>19.00 Uhr<\/strong><br \/>\n<strong>Gemeinsame Diskussion mit dem Publikum<\/strong><\/li>\n<li><strong>20.00 Uhr<\/strong><br \/>\n<strong>Schlusswort<\/strong><br \/>\nDirk V\u00f6pel, MdB<\/li>\n<\/ul>\n<p>Wenn Sie an der Veranstaltung teilnehmen m\u00f6chte, w\u00e4ren wir Ihnen f\u00fcr eine kurze R\u00fcckmeldung per E-Mail unter <a href=\"mailto:dirk.voepel@bundestag.de\">dirk.voepel@bundestag.de<\/a> dankbar.<\/p>\n","protected":false},"excerpt":{"rendered":"<p>Was bringt das neue B\u00fcrgergeld? Ist Hartz IV nun endg\u00fcltig Geschichte? Und welche Zugest\u00e4ndnisse mussten im Rahmen des Vermittlungsverfahrens zwischen Bundestag und Bundesrat gemacht werden? Um diese und andere Fragen&hellip; <\/p>\n","protected":false},"author":1,"featured_media":0,"comment_status":"closed","ping_status":"closed","sticky":false,"template":"","format":"standard","meta":{"footnotes":""},"categories":[174,180],"tags":[1986,3235,1841,741,3333,1983,3332,3334],"quellen":[330],"class_list":["post-9948","post","type-post","status-publish","format-standard","hentry","category-arbeit-und-soziales","category-bund","tag-buergergeld","tag-fraktion-vor-ort","tag-grundsicherung","tag-hartz-iv","tag-neues-buergergeld","tag-sozialstaat","tag-sozialstaatsreform","tag-veranstaltung","quellen-mdb-dirk-voepel"],"_links":{"self":[{"href":"https:\/\/meier-gerdingh.de\/wp-spd-ob\/wp-json\/wp\/v2\/posts\/9948","targetHints":{"allow":["GET"]}}],"collection":[{"href":"https:\/\/meier-gerdingh.de\/wp-spd-ob\/wp-json\/wp\/v2\/posts"}],"about":[{"href":"https:\/\/meier-gerdingh.de\/wp-spd-ob\/wp-json\/wp\/v2\/types\/post"}],"author":[{"embeddable":true,"href":"https:\/\/meier-gerdingh.de\/wp-spd-ob\/wp-json\/wp\/v2\/users\/1"}],"replies":[{"embeddable":true,"href":"https:\/\/meier-gerdingh.de\/wp-spd-ob\/wp-json\/wp\/v2\/comments?post=9948"}],"version-history":[{"count":0,"href":"https:\/\/meier-gerdingh.de\/wp-spd-ob\/wp-json\/wp\/v2\/posts\/9948\/revisions"}],"wp:attachment":[{"href":"https:\/\/meier-gerdingh.de\/wp-spd-ob\/wp-json\/wp\/v2\/media?parent=9948"}],"wp:term":[{"taxonomy":"category","embeddable":true,"href":"https:\/\/meier-gerdingh.de\/wp-spd-ob\/wp-json\/wp\/v2\/categories?post=9948"},{"taxonomy":"post_tag","embeddable":true,"href":"https:\/\/meier-gerdingh.de\/wp-spd-ob\/wp-json\/wp\/v2\/tags?post=9948"},{"taxonomy":"quellen","embeddable":true,"href":"https:\/\/meier-gerdingh.de\/wp-spd-ob\/wp-json\/wp\/v2\/quellen?post=9948"}],"curies":[{"name":"wp","href":"https:\/\/api.w.org\/{rel}","templated":true}]}}