{"id":995,"date":"2012-08-20T16:00:00","date_gmt":"2012-08-20T14:00:00","guid":{"rendered":"http:\/\/www.meier-gerdingh.de\/spd-oberhausen\/wp\/?p=995"},"modified":"2017-05-17T18:01:29","modified_gmt":"2017-05-17T16:01:29","slug":"neues-auf-der-emscher-insel","status":"publish","type":"post","link":"https:\/\/meier-gerdingh.de\/wp-spd-ob\/2012\/08\/20\/neues-auf-der-emscher-insel\/","title":{"rendered":"Neues auf der Emscher-Insel"},"content":{"rendered":"<div style=\"width: 210px\" class=\"wp-caption alignleft\"><a href=\"http:\/\/meier-gerdingh.de\/wp-spd-ob\/wp-content\/uploads\/sommerschule_12_03.jpg\"><img decoding=\"async\" class=\"size-full\" src=\"http:\/\/meier-gerdingh.de\/wp-spd-ob\/wp-content\/uploads\/sommerschule_12_03.jpg\" alt=\"Auch der dritte und letzte Termin der diesj\u00e4hrigen SPD-Sommerschule stie\u00df auf reges Interesse\" width=\"200\" height=\"132\" \/><\/a><p class=\"wp-caption-text\">Auch der dritte und letzte Termin der diesj\u00e4hrigen SPD-Sommerschule stie\u00df auf reges Interesse<\/p><\/div>\n<p>Wer wei\u00df, ob es am sch\u00f6nen Wetter lag oder an den sich bietenden, guten Trainingsbedingungen: Mario Basler, Ex-Bundesligaprofi und aktueller Trainer des Regionalligisten Rot-Wei\u00df Oberhausen gr\u00fc\u00dfte jedenfalls freundlich in die Teilnehmer-Runde des SPD-Sommerschultermins. Zum Abschluss der diesj\u00e4hrigen Veranstaltungsreihe stand unter der Leitung von Wolfgang Gro\u00dfe Br\u00f6mer, Vorsitzender der SPD-Fraktion, und Klaus K\u00f6sling, Leiter des Arbeitskreises Sport der SPD-Fraktion, ein Besuch des Fu\u00dfball-Leistungszentrums auf dem Programm. Nebenan trainierten die RWO-Kicker auf einem der neu geschaffenen Pl\u00e4tze.<!--more--><\/p>\n<p>Auf der Emscher-Insel unweit des Stadion Niederrhein informierten dann Sportdezernent Frank Motschull, und Dietmar Ingenerf, Bereichsleiter Sport der Stadt Oberhausen \u00fcber die Fortschritte auf dem Gel\u00e4nde des alten Kleinstadions an der Lindnerstra\u00dfe. Au\u00dferdem erl\u00e4uterten sie die bisher umgesetzten und weiter geplanten Ma\u00dfnahmen, die der st\u00e4dtische Sportentwicklungsplan vorsieht.<\/p>\n<p>Das im Rahmen der Sommerschule besuchte &#8222;Fu\u00dfballleistungszentrum Emscherinsel&#8220; entstand aus der Zusammenarbeit zwischen der Sporthochschule K\u00f6ln und der Stadt Oberhausen und soll die Bedingungen f\u00fcr den Leistungsfu\u00dfball im Oberhausener Schul- und Vereinssport verbessern.<\/p>\n<p>Nach sieben Monaten Bauzeit konnte Ende Juli das Funktionsgeb\u00e4ude mit Umkleide-, Dusch-, und Schulungsr\u00e4umen schl\u00fcsselfertig von der OGM GmbH an die Verantwortlichen der Stadt Oberhausen zur Miete \u00fcbergeben werden. Parallel zur \u00dcbergabe des neuen Geb\u00e4udes wurden die bisher auf der Sportanlage Landwehr genutzten Sportfunktionsr\u00e4ume geschlossen.<\/p>\n<p>Insgesamt ver\u00e4ndert sich die Sportst\u00e4ttenlandschaft in Oberhausen auch aufgrund der demografischen Entwicklung nachhaltig: Die Umstrukturierungen bringen die Modernisierung, Neugestaltung und Konzentration einiger Sportst\u00e4tten mit sich.<\/p>\n<p>Die SPD-Sommerschule fand schlie\u00dflich beim gemeinsamen Grillen auf der Sport- und Freizeitanlage des SSB einen geselligen Abschluss.<\/p>\n","protected":false},"excerpt":{"rendered":"<p>Wer wei\u00df, ob es am sch\u00f6nen Wetter lag oder an den sich bietenden, guten Trainingsbedingungen: Mario Basler, Ex-Bundesligaprofi und aktueller Trainer des Regionalligisten Rot-Wei\u00df Oberhausen gr\u00fc\u00dfte jedenfalls freundlich in die&hellip; <\/p>\n","protected":false},"author":1,"featured_media":0,"comment_status":"closed","ping_status":"closed","sticky":false,"template":"","format":"standard","meta":{"footnotes":""},"categories":[1],"tags":[],"quellen":[],"class_list":["post-995","post","type-post","status-publish","format-standard","hentry","category-allgemein"],"_links":{"self":[{"href":"https:\/\/meier-gerdingh.de\/wp-spd-ob\/wp-json\/wp\/v2\/posts\/995","targetHints":{"allow":["GET"]}}],"collection":[{"href":"https:\/\/meier-gerdingh.de\/wp-spd-ob\/wp-json\/wp\/v2\/posts"}],"about":[{"href":"https:\/\/meier-gerdingh.de\/wp-spd-ob\/wp-json\/wp\/v2\/types\/post"}],"author":[{"embeddable":true,"href":"https:\/\/meier-gerdingh.de\/wp-spd-ob\/wp-json\/wp\/v2\/users\/1"}],"replies":[{"embeddable":true,"href":"https:\/\/meier-gerdingh.de\/wp-spd-ob\/wp-json\/wp\/v2\/comments?post=995"}],"version-history":[{"count":0,"href":"https:\/\/meier-gerdingh.de\/wp-spd-ob\/wp-json\/wp\/v2\/posts\/995\/revisions"}],"wp:attachment":[{"href":"https:\/\/meier-gerdingh.de\/wp-spd-ob\/wp-json\/wp\/v2\/media?parent=995"}],"wp:term":[{"taxonomy":"category","embeddable":true,"href":"https:\/\/meier-gerdingh.de\/wp-spd-ob\/wp-json\/wp\/v2\/categories?post=995"},{"taxonomy":"post_tag","embeddable":true,"href":"https:\/\/meier-gerdingh.de\/wp-spd-ob\/wp-json\/wp\/v2\/tags?post=995"},{"taxonomy":"quellen","embeddable":true,"href":"https:\/\/meier-gerdingh.de\/wp-spd-ob\/wp-json\/wp\/v2\/quellen?post=995"}],"curies":[{"name":"wp","href":"https:\/\/api.w.org\/{rel}","templated":true}]}}