{"id":9957,"date":"2022-11-29T19:04:08","date_gmt":"2022-11-29T18:04:08","guid":{"rendered":"https:\/\/meier-gerdingh.de\/wp-spd-ob\/?p=9957"},"modified":"2023-07-12T18:46:19","modified_gmt":"2023-07-12T16:46:19","slug":"jugendliche-fordern-zu-recht-eine-staerkere-stimme-ein","status":"publish","type":"post","link":"https:\/\/meier-gerdingh.de\/wp-spd-ob\/2022\/11\/29\/jugendliche-fordern-zu-recht-eine-staerkere-stimme-ein\/","title":{"rendered":"&#8222;Jugendliche fordern zu Recht eine st\u00e4rkere Stimme ein&#8220;"},"content":{"rendered":"<div id=\"attachment_9955\" style=\"width: 710px\" class=\"wp-caption aligncenter\"><a href=\"https:\/\/meier-gerdingh.de\/wp-spd-ob\/wp-content\/uploads\/2022\/11\/mdls-bongers-cordes-jugendlandtag-2022-lg.jpg\"><img aria-describedby=\"caption-attachment-9955\" decoding=\"async\" class=\"size-full wp-image-9955\" src=\"https:\/\/meier-gerdingh.de\/wp-spd-ob\/wp-content\/uploads\/2022\/11\/mdls-bongers-cordes-jugendlandtag-2022.jpg\" alt=\"\" width=\"700\" height=\"335\" srcset=\"https:\/\/meier-gerdingh.de\/wp-spd-ob\/wp-content\/uploads\/2022\/11\/mdls-bongers-cordes-jugendlandtag-2022.jpg 700w, https:\/\/meier-gerdingh.de\/wp-spd-ob\/wp-content\/uploads\/2022\/11\/mdls-bongers-cordes-jugendlandtag-2022-300x144.jpg 300w\" sizes=\"(max-width: 700px) 100vw, 700px\" \/><\/a><p id=\"caption-attachment-9955\" class=\"wp-caption-text\">Von links: Sonja Bongers (MdL), Louis Saieva, Johanna Peters und Frederick Cordes (MdL)<\/p><\/div>\n<p>Abgeordnete, die freiwillig ihr Landtagsmandat abgeben? Einmal im Jahr passiert genau das im Rahmen des Jugendlandtags. Zum zw\u00f6lften Mal fand das beliebte Programm k\u00fcrzlich vom 27. bis 29. Oktober statt. Auch die beiden Oberhausener Abgeordneten Sonja Bongers und Frederick Cordes tauschten in dieser Zeit die Pl\u00e4tze mit zwei jungen Menschen aus ihrer Heimatstadt.<\/p>\n<p>Sonja Bongers wurde dabei von Louis Saieva von der Fasia Jansen Gesamtschule vertreten, den Platz von Frederick Cordes nahm Johanna Peters von der Heinrich-B\u00f6ll Gesamtschule ein. Saieva und Peters hatten somit die Chance, den parlamentarischen Alltag realit\u00e4tsgetreu kennenzulernen &#8211; mit Fraktionssitzungen, Aussch\u00fcssen und Debatten im Plenarsaal. Schwerpunktthemen in diesem Jahr waren das Wahlrecht ab 16 sowie die klimafreundliche Mobilit\u00e4t in NRW. Die von den Jugendlichen gefassten Beschl\u00fcsse wurden anschlie\u00dfend dem Hauptausschuss des Landtags vorgelegt.<!--more--><\/p>\n<p>Sonja Bongers begleitet das Programm seit vielen Jahren und bekannte sich auch im Nachgang des 12. Jugendlandtags wieder als echter Fan des Programms: &#8222;Der allj\u00e4hrliche Jugendlandtag ist nicht nur f\u00fcr die teilnehmenden Jugendlichen eine gute M\u00f6glichkeit, Demokratie hautnah mitzuerleben. Er ruft auch uns Abgeordnete dazu auf, noch st\u00e4rker als bisher die Perspektive der jungen Menschen in Nordrhein-Westfalen in den Blick zu nehmen. Sie fordern zu Recht eine st\u00e4rkere Stimme ein und das nicht nur einmal im Jahr bei einem Planspiel. Der getroffene Beschluss zum Wahlrecht ab 16 zeigt einmal mehr, dass Jugendliche das ganze Jahr \u00fcber geh\u00f6rt werden und aktiv an der Demokratie teilnehmen wollen. Dabei haben sie die SPD an ihrer Seite. Louis und Johanna sind ja auch selbst Abgeordnete des Jugendparlaments in Oberhausen. Neben dem Landtagswahlrecht ab 16 m\u00fcssen wir auch solche lokale Partizipationsm\u00f6glichkeiten weiter ausbauen und unterst\u00fctzen.&#8220;<\/p>\n<p>Frederick Cordes erg\u00e4nzt: &#8222;Die einen reden von der vermeintlichen Politikverdrossenheit junger Menschen. Wir hingegen haben mit Johanna und Louis zwei hoch engagierte Jugendliche kennengelernt, die gemeinsam mit ihren Mitstreiter*innen im Jugendlandtag einmal mehr gezeigt haben, wie politisch junge Menschen sind. Die Landesregierung ist nun dazu aufgerufen, das Wahlrecht ab 16 z\u00fcgig umzusetzen. Das fordern wir schon seit Jahren. Gut, dass mittlerweile auch die CDU ihre Blockade in dieser Frage aufgegeben hat.&#8220;<\/p>\n","protected":false},"excerpt":{"rendered":"<p>Abgeordnete, die freiwillig ihr Landtagsmandat abgeben? Einmal im Jahr passiert genau das im Rahmen des Jugendlandtags. Zum zw\u00f6lften Mal fand das beliebte Programm k\u00fcrzlich vom 27. bis 29. Oktober statt.&hellip; <\/p>\n","protected":false},"author":1,"featured_media":0,"comment_status":"closed","ping_status":"closed","sticky":false,"template":"","format":"standard","meta":{"footnotes":""},"categories":[179,216],"tags":[97,796,1283,219,3336],"quellen":[2806,1317],"class_list":["post-9957","post","type-post","status-publish","format-standard","hentry","category-kinder-und-jugendliche","category-land","tag-jugend-landtag","tag-jugendlandtag","tag-jugendparlament-oberhausen","tag-landtag-nrw","tag-wahlrecht-ab-16","quellen-mdl-frederick-cordes","quellen-mdl-sonja-bongers"],"_links":{"self":[{"href":"https:\/\/meier-gerdingh.de\/wp-spd-ob\/wp-json\/wp\/v2\/posts\/9957","targetHints":{"allow":["GET"]}}],"collection":[{"href":"https:\/\/meier-gerdingh.de\/wp-spd-ob\/wp-json\/wp\/v2\/posts"}],"about":[{"href":"https:\/\/meier-gerdingh.de\/wp-spd-ob\/wp-json\/wp\/v2\/types\/post"}],"author":[{"embeddable":true,"href":"https:\/\/meier-gerdingh.de\/wp-spd-ob\/wp-json\/wp\/v2\/users\/1"}],"replies":[{"embeddable":true,"href":"https:\/\/meier-gerdingh.de\/wp-spd-ob\/wp-json\/wp\/v2\/comments?post=9957"}],"version-history":[{"count":0,"href":"https:\/\/meier-gerdingh.de\/wp-spd-ob\/wp-json\/wp\/v2\/posts\/9957\/revisions"}],"wp:attachment":[{"href":"https:\/\/meier-gerdingh.de\/wp-spd-ob\/wp-json\/wp\/v2\/media?parent=9957"}],"wp:term":[{"taxonomy":"category","embeddable":true,"href":"https:\/\/meier-gerdingh.de\/wp-spd-ob\/wp-json\/wp\/v2\/categories?post=9957"},{"taxonomy":"post_tag","embeddable":true,"href":"https:\/\/meier-gerdingh.de\/wp-spd-ob\/wp-json\/wp\/v2\/tags?post=9957"},{"taxonomy":"quellen","embeddable":true,"href":"https:\/\/meier-gerdingh.de\/wp-spd-ob\/wp-json\/wp\/v2\/quellen?post=9957"}],"curies":[{"name":"wp","href":"https:\/\/api.w.org\/{rel}","templated":true}]}}