{"id":996,"date":"2012-08-23T16:00:00","date_gmt":"2012-08-23T14:00:00","guid":{"rendered":"http:\/\/www.meier-gerdingh.de\/spd-oberhausen\/wp\/?p=996"},"modified":"2017-05-17T17:02:55","modified_gmt":"2017-05-17T15:02:55","slug":"89-millionen-euro-fuer-oberhausen","status":"publish","type":"post","link":"https:\/\/meier-gerdingh.de\/wp-spd-ob\/2012\/08\/23\/89-millionen-euro-fuer-oberhausen\/","title":{"rendered":"8,9 Millionen Euro f\u00fcr Oberhausen"},"content":{"rendered":"<div style=\"width: 150px\" class=\"wp-caption alignleft\"><a href=\"http:\/\/meier-gerdingh.de\/wp-spd-ob\/wp-content\/uploads\/landtagganz1.jpg\"><img decoding=\"async\" class=\"size-full\" src=\"http:\/\/meier-gerdingh.de\/wp-spd-ob\/wp-content\/uploads\/landtagganz1.jpg\" alt=\"Der Landtag von Nordrhein-Westfalen\" width=\"140\" height=\"187\" \/><\/a><p class=\"wp-caption-text\">Der Landtag von Nordrhein-Westfalen<\/p><\/div>\n<p>Oberhausen erh\u00e4lt zus\u00e4tzlich 1,6 Millionen Euro f\u00fcr den Ausbau der Unter-Dreij\u00e4hrigen-Betreuung, teilen Wolfgang Gro\u00dfe Br\u00f6mer und Stefan Zimkeit mit. &#8222;Denn NRW erh\u00f6ht die Mittel des Sonderprogramms f\u00fcr den Krippenausbau&#8220;, so Zimkeit. &#8222;Au\u00dferdem erf\u00fcllt das Land den verfassungsrechtlichen Anspruch der St\u00e4dte auf einen Ausgleich f\u00fcr die Kosten des Betreuungsausbaus.&#8220; Der Landtagsabgeordnete, der dem zust\u00e4ndigen Familien- und Kinderausschuss angeh\u00f6rt, dringt auf eine z\u00fcgige Verabschiedung des entsprechenden Gesetzes. &#8222;Die Kommunen m\u00fcssen sich darauf verlassen k\u00f6nnen, dass sich das Land dauerhaft an den Betriebskosten beteiligt.&#8220;<!--more--><\/p>\n<p>Der ab August 2013 geltende Rechtsanspruch auf einen Betreuungsplatz ab dem ersten Geburtstag bedarf einer gro\u00dfen Anstrengung aller Beteiligten, betont der Landtagsabgeordnete Gro\u00dfe Br\u00f6mer. Deswegen gehe NRW \u00fcber die bisher gemachten Finanzzusagen hinaus. &#8222;Insgesamt erh\u00e4lt Oberhausen von 2009 bis 2013 einen Betrag in H\u00f6he von 8,9 Millionen Euro f\u00fcr die Schaffung neuer Betreuungspl\u00e4tze. Au\u00dferdem werden nach 2013 aus dem Belastungsausgleich weitere Mittel in die Kinderg\u00e4rten flie\u00dfen.&#8220;<\/p>\n","protected":false},"excerpt":{"rendered":"<p>Oberhausen erh\u00e4lt zus\u00e4tzlich 1,6 Millionen Euro f\u00fcr den Ausbau der Unter-Dreij\u00e4hrigen-Betreuung, teilen Wolfgang Gro\u00dfe Br\u00f6mer und Stefan Zimkeit mit. &#8222;Denn NRW erh\u00f6ht die Mittel des Sonderprogramms f\u00fcr den Krippenausbau&#8220;, so&hellip; <\/p>\n","protected":false},"author":1,"featured_media":0,"comment_status":"closed","ping_status":"closed","sticky":false,"template":"","format":"standard","meta":{"footnotes":""},"categories":[1],"tags":[],"quellen":[],"class_list":["post-996","post","type-post","status-publish","format-standard","hentry","category-allgemein"],"_links":{"self":[{"href":"https:\/\/meier-gerdingh.de\/wp-spd-ob\/wp-json\/wp\/v2\/posts\/996","targetHints":{"allow":["GET"]}}],"collection":[{"href":"https:\/\/meier-gerdingh.de\/wp-spd-ob\/wp-json\/wp\/v2\/posts"}],"about":[{"href":"https:\/\/meier-gerdingh.de\/wp-spd-ob\/wp-json\/wp\/v2\/types\/post"}],"author":[{"embeddable":true,"href":"https:\/\/meier-gerdingh.de\/wp-spd-ob\/wp-json\/wp\/v2\/users\/1"}],"replies":[{"embeddable":true,"href":"https:\/\/meier-gerdingh.de\/wp-spd-ob\/wp-json\/wp\/v2\/comments?post=996"}],"version-history":[{"count":0,"href":"https:\/\/meier-gerdingh.de\/wp-spd-ob\/wp-json\/wp\/v2\/posts\/996\/revisions"}],"wp:attachment":[{"href":"https:\/\/meier-gerdingh.de\/wp-spd-ob\/wp-json\/wp\/v2\/media?parent=996"}],"wp:term":[{"taxonomy":"category","embeddable":true,"href":"https:\/\/meier-gerdingh.de\/wp-spd-ob\/wp-json\/wp\/v2\/categories?post=996"},{"taxonomy":"post_tag","embeddable":true,"href":"https:\/\/meier-gerdingh.de\/wp-spd-ob\/wp-json\/wp\/v2\/tags?post=996"},{"taxonomy":"quellen","embeddable":true,"href":"https:\/\/meier-gerdingh.de\/wp-spd-ob\/wp-json\/wp\/v2\/quellen?post=996"}],"curies":[{"name":"wp","href":"https:\/\/api.w.org\/{rel}","templated":true}]}}