{"id":997,"date":"2012-08-29T16:00:00","date_gmt":"2012-08-29T14:00:00","guid":{"rendered":"http:\/\/www.meier-gerdingh.de\/spd-oberhausen\/wp\/?p=997"},"modified":"2017-05-17T17:02:42","modified_gmt":"2017-05-17T15:02:42","slug":"es-tut-sich-einiges-zum-positiven","status":"publish","type":"post","link":"https:\/\/meier-gerdingh.de\/wp-spd-ob\/2012\/08\/29\/es-tut-sich-einiges-zum-positiven\/","title":{"rendered":"&#8222;Es tut sich Einiges zum Positiven&#8220;"},"content":{"rendered":"<div style=\"width: 210px\" class=\"wp-caption alignleft\"><a href=\"http:\/\/meier-gerdingh.de\/wp-spd-ob\/wp-content\/uploads\/stadtbegehung_osterfeld.jpg\"><img decoding=\"async\" class=\"size-full\" src=\"http:\/\/meier-gerdingh.de\/wp-spd-ob\/wp-content\/uploads\/stadtbegehung_osterfeld.jpg\" alt=\"Karl-Heinz Pflugbeil, OV-Vorsitzender und Bezirksb\u00fcrgermeister von Osterfeld, und Peter Klunk, Planungsdezernent der Stadt Oberhausen, beim Stadtrundgang durch die Osterfelder Innenstadt\" width=\"200\" height=\"135\" \/><\/a><p class=\"wp-caption-text\">Karl-Heinz Pflugbeil, OV-Vorsitzender und Bezirksb\u00fcrgermeister von Osterfeld, und Peter Klunk, Planungsdezernent der Stadt Oberhausen, beim Stadtrundgang durch die Osterfelder Innenstadt<\/p><\/div>\n<p>&#8222;Dies sind wichtige Impulse f\u00fcr die Entwicklung der Osterfelder Innenstadt&#8220;, bewertete der SPD-Ortsvereinsvorsitzende Karl-Heinz Pflugbeil die zahlreichen Investitionen im Stadtteil. Die Osterfelder SPD hatte B\u00fcrgerinnen und B\u00fcrger zu einer Begehung der Innenstadt eingeladen, um \u00fcber aktuelle und geplante Bauprojekte zu informieren. &#8222;Es tut sich Einiges und zwar zum Positiven&#8220;, sagte eine Teilnehmerin.<!--more--><\/p>\n<p>Oberhausens Bau- und Planungsdezernent Peter Klunk erl\u00e4uterte zun\u00e4chst den Neubau von altengerechtem Wohnen am Osterfelder Markt, einschlie\u00dflich einer Tiefgarage. Da der Abriss hier schon weit fortgeschritten ist, zeigte sich der Investor de Witt optimistisch, das Vorhaben in den n\u00e4chsten 12 bis 13 Monaten fertig zu stellen.<\/p>\n<p>Bald beginnen soll auch der Abriss des Bunkers zwischen Bottroper Stra\u00dfe und Wiedenhof. Hier entstehe neuer Einzelhandel zur Verbesserung der Nahversorgung in Osterfeld und es k\u00e4men zus\u00e4tzliche Dienstleistungsangebote, so Peter Klunk.<\/p>\n<p>Stefan Zimkeit, Fraktionsvorsitzender der SPD in der Bezirksvertretung, forderte die Verwaltung auf, die Investoren bei ihren Vorhaben zu unterst\u00fctzen. &#8222;Es ist gut, wenn in den Stadtteil investiert wird&#8220;, so Zimkeit. Er betonte, dass sich im Rahmen der Bauma\u00dfnahme die Parkplatzsituation in der Innenstadt verbessern werde.<\/p>\n<p>Investiert wird auch an der Rheinischen Stra\u00dfe. Ein Oberhausener Beerdigungsunternehmer werde hier einen neuen Standort errichten, erl\u00e4uterte Peter Klunk. Auch an der Bau- \/ Freiligrathstra\u00dfe gebe es Bewegung. Die Stadt halte hier am Ziel von Wohnungsbau in Innenstadtn\u00e4he fest, auch um zus\u00e4tzliche Kaufkraft nach Osterfeld zu holen. Sollten aktuelle Verhandlungen mit einem Investor nicht erfolgreich sein, werde das Grundst\u00fcck \u00f6ffentlich ausgeschrieben.<\/p>\n<p>Karl-Heinz Pflugbeil erl\u00e4uterte die Erweiterung des Bischoff-Ketteler-Hauses, in das 10 Millionen Euro investiert werden, und die \u00dcberlegungen des katholischen Krankenhauses f\u00fcr das Hallenbadgrundst\u00fcck. Pflugbeil forderte im Namen der SPD, dass Hallenbad baldm\u00f6glichst abzurei\u00dfen, damit in der Osterfelder Innenstadt keine Bauruine steht und damit m\u00f6glichst bald die neue Nutzung auf den Weg gebracht werden kann.<\/p>\n<p>Abschlie\u00dfend zog der Bezirksb\u00fcrgermeister eine positive Bilanz der Entwicklung f\u00fcr die Osterfelder Innenstadt: &#8222;Der Rundgang hat gezeigt, dass viele Dinge auf einem gutem Weg sind, und das ist gut f\u00fcr unseren Stadtteil.&#8220;<\/p>\n","protected":false},"excerpt":{"rendered":"<p>&#8222;Dies sind wichtige Impulse f\u00fcr die Entwicklung der Osterfelder Innenstadt&#8220;, bewertete der SPD-Ortsvereinsvorsitzende Karl-Heinz Pflugbeil die zahlreichen Investitionen im Stadtteil. Die Osterfelder SPD hatte B\u00fcrgerinnen und B\u00fcrger zu einer Begehung&hellip; <\/p>\n","protected":false},"author":1,"featured_media":0,"comment_status":"closed","ping_status":"closed","sticky":false,"template":"","format":"standard","meta":{"footnotes":""},"categories":[1],"tags":[],"quellen":[],"class_list":["post-997","post","type-post","status-publish","format-standard","hentry","category-allgemein"],"_links":{"self":[{"href":"https:\/\/meier-gerdingh.de\/wp-spd-ob\/wp-json\/wp\/v2\/posts\/997","targetHints":{"allow":["GET"]}}],"collection":[{"href":"https:\/\/meier-gerdingh.de\/wp-spd-ob\/wp-json\/wp\/v2\/posts"}],"about":[{"href":"https:\/\/meier-gerdingh.de\/wp-spd-ob\/wp-json\/wp\/v2\/types\/post"}],"author":[{"embeddable":true,"href":"https:\/\/meier-gerdingh.de\/wp-spd-ob\/wp-json\/wp\/v2\/users\/1"}],"replies":[{"embeddable":true,"href":"https:\/\/meier-gerdingh.de\/wp-spd-ob\/wp-json\/wp\/v2\/comments?post=997"}],"version-history":[{"count":0,"href":"https:\/\/meier-gerdingh.de\/wp-spd-ob\/wp-json\/wp\/v2\/posts\/997\/revisions"}],"wp:attachment":[{"href":"https:\/\/meier-gerdingh.de\/wp-spd-ob\/wp-json\/wp\/v2\/media?parent=997"}],"wp:term":[{"taxonomy":"category","embeddable":true,"href":"https:\/\/meier-gerdingh.de\/wp-spd-ob\/wp-json\/wp\/v2\/categories?post=997"},{"taxonomy":"post_tag","embeddable":true,"href":"https:\/\/meier-gerdingh.de\/wp-spd-ob\/wp-json\/wp\/v2\/tags?post=997"},{"taxonomy":"quellen","embeddable":true,"href":"https:\/\/meier-gerdingh.de\/wp-spd-ob\/wp-json\/wp\/v2\/quellen?post=997"}],"curies":[{"name":"wp","href":"https:\/\/api.w.org\/{rel}","templated":true}]}}