{"id":998,"date":"2012-09-11T16:00:00","date_gmt":"2012-09-11T14:00:00","guid":{"rendered":"http:\/\/www.meier-gerdingh.de\/spd-oberhausen\/wp\/?p=998"},"modified":"2017-05-17T17:02:08","modified_gmt":"2017-05-17T15:02:08","slug":"spd-will-transparente-umsetzung-des-con_sens-gutachtens","status":"publish","type":"post","link":"https:\/\/meier-gerdingh.de\/wp-spd-ob\/2012\/09\/11\/spd-will-transparente-umsetzung-des-con_sens-gutachtens\/","title":{"rendered":"SPD will transparente Umsetzung des &#8222;con_sens&#8220;-Gutachtens"},"content":{"rendered":"<div style=\"width: 150px\" class=\"wp-caption alignleft\"><a href=\"http:\/\/meier-gerdingh.de\/wp-spd-ob\/wp-content\/uploads\/oberste_kleinbeck_kirsten_09.jpg\"><img decoding=\"async\" class=\"size-full\" src=\"http:\/\/meier-gerdingh.de\/wp-spd-ob\/wp-content\/uploads\/oberste_kleinbeck_kirsten_09.jpg\" alt=\"Kirsten Oberste-Kleinbeck ist Leiterin des AK Jugend und Soziales der SPD-Fraktion\" width=\"140\" height=\"169\" \/><\/a><p class=\"wp-caption-text\">Kirsten Oberste-Kleinbeck ist Leiterin des AK Jugend und Soziales der SPD-Fraktion<\/p><\/div>\n<p>F\u00fcr Irritation in der SPD-Fraktion haben \u00c4u\u00dferungen der CDU-Stadtverordneten Willing-Spielmann zu einer Organisationsuntersuchung im Bereich Jugend gef\u00fchrt. Kirsten Oberste-Kleinbeck, Vorsitzende des SPD-Arbeitskreises Jugend und Soziales: &#8222;Die Kollegin verkennt willentlich den Stand des Verfahrens, um ein parteipolitisches S\u00fcppchen kochen. Das dient weder den Interessen der Jugend- und Wohlfahrtsverb\u00e4nde noch der betroffenen Klientel noch dem Personal der Verwaltung.&#8220;<!--more--><\/p>\n<p>Fakt ist: Das unabh\u00e4ngige Unternehmen &#8222;con_sens\/ Consulting&#8220; hat im Rahmen der vom Rat beschlossenen Vorgaben zum Haushaltssanierungsplan den Bereich Jugend untersucht und in einem ersten Schritt ein Einsparpotenzial in H\u00f6he von 1,8 Millionen Euro ausgemacht. Ulrich Real, SPD-Sprecher im Jugendhilfeausschuss: &#8222;Das ist zum heutigen Zeitpunkt Meinung des Unternehmens, nichts sonst. Wir werden beraten und dann beschlie\u00dfen. &#8218;con-sens&#8216; hat eine Diskussionsgrundlage geliefert, mehr nicht.&#8220;<\/p>\n<p>Das m\u00fcsse auch der Caritas-Verband zur Kenntnis nehmen, der sich besonders schlecht weggekommen sieht, Real: &#8222;Wir sch\u00e4tzen die sehr gute Arbeit der Caritas, aber bitten auch hier, auf vorschnelle Schl\u00fcsse und unsinnige Schuldzuweisungen zu verzichten. F\u00fcr uns ist selbstverst\u00e4ndlich, dass sowohl die Wohlfahrtsverb\u00e4nde, als auch der Jugendhilfeausschuss bei Beratung konkreter Sparvorschl\u00e4ge beteiligt werden. Bislang gibt es aber schlichtweg keine Vorschl\u00e4ge, \u00fcber die man h\u00e4tte diskutieren k\u00f6nnen. Das m\u00fcsste auch die CDU wissen.&#8220;<\/p>\n<p>Man sei sich bewusst, so Real weiter, dass sowohl der interkommunale Vergleich von Leistungen im sensiblen Bereich der Jugendarbeit als auch das Einf\u00fchren von bewertenden Kennziffern (&#8222;Benchmarking&#8220;) umstritten seien.<\/p>\n<p>&#8222;Der Jugendhilfeausschuss&#8220;, so dessen Vorsitzender Ren\u00e9 Pascheberg (SPD), &#8222;wird sich konzentriert und kompetent mit der Untersuchung und den daraus resultierenden Vorschl\u00e4gen auseinandersetzen. Frau Willing-Spielmann ist lang genug dabei und erfahren genug, um die Regeln in unserem Ausschuss zu kennen. Deswegen bin ich sehr verwundert \u00fcber ihr durch nichts gerechtfertigtes Vorpreschen.&#8220;<\/p>\n","protected":false},"excerpt":{"rendered":"<p>F\u00fcr Irritation in der SPD-Fraktion haben \u00c4u\u00dferungen der CDU-Stadtverordneten Willing-Spielmann zu einer Organisationsuntersuchung im Bereich Jugend gef\u00fchrt. Kirsten Oberste-Kleinbeck, Vorsitzende des SPD-Arbeitskreises Jugend und Soziales: &#8222;Die Kollegin verkennt willentlich den&hellip; <\/p>\n","protected":false},"author":1,"featured_media":0,"comment_status":"closed","ping_status":"closed","sticky":false,"template":"","format":"standard","meta":{"footnotes":""},"categories":[1],"tags":[],"quellen":[],"class_list":["post-998","post","type-post","status-publish","format-standard","hentry","category-allgemein"],"_links":{"self":[{"href":"https:\/\/meier-gerdingh.de\/wp-spd-ob\/wp-json\/wp\/v2\/posts\/998","targetHints":{"allow":["GET"]}}],"collection":[{"href":"https:\/\/meier-gerdingh.de\/wp-spd-ob\/wp-json\/wp\/v2\/posts"}],"about":[{"href":"https:\/\/meier-gerdingh.de\/wp-spd-ob\/wp-json\/wp\/v2\/types\/post"}],"author":[{"embeddable":true,"href":"https:\/\/meier-gerdingh.de\/wp-spd-ob\/wp-json\/wp\/v2\/users\/1"}],"replies":[{"embeddable":true,"href":"https:\/\/meier-gerdingh.de\/wp-spd-ob\/wp-json\/wp\/v2\/comments?post=998"}],"version-history":[{"count":0,"href":"https:\/\/meier-gerdingh.de\/wp-spd-ob\/wp-json\/wp\/v2\/posts\/998\/revisions"}],"wp:attachment":[{"href":"https:\/\/meier-gerdingh.de\/wp-spd-ob\/wp-json\/wp\/v2\/media?parent=998"}],"wp:term":[{"taxonomy":"category","embeddable":true,"href":"https:\/\/meier-gerdingh.de\/wp-spd-ob\/wp-json\/wp\/v2\/categories?post=998"},{"taxonomy":"post_tag","embeddable":true,"href":"https:\/\/meier-gerdingh.de\/wp-spd-ob\/wp-json\/wp\/v2\/tags?post=998"},{"taxonomy":"quellen","embeddable":true,"href":"https:\/\/meier-gerdingh.de\/wp-spd-ob\/wp-json\/wp\/v2\/quellen?post=998"}],"curies":[{"name":"wp","href":"https:\/\/api.w.org\/{rel}","templated":true}]}}