{"id":999,"date":"2012-09-12T16:00:00","date_gmt":"2012-09-12T14:00:00","guid":{"rendered":"http:\/\/www.meier-gerdingh.de\/spd-oberhausen\/wp\/?p=999"},"modified":"2017-05-17T17:02:27","modified_gmt":"2017-05-17T15:02:27","slug":"gut-fuer-oberhausen","status":"publish","type":"post","link":"https:\/\/meier-gerdingh.de\/wp-spd-ob\/2012\/09\/12\/gut-fuer-oberhausen\/","title":{"rendered":"Gut f\u00fcr Oberhausen"},"content":{"rendered":"<div style=\"width: 150px\" class=\"wp-caption alignleft\"><a href=\"http:\/\/meier-gerdingh.de\/wp-spd-ob\/wp-content\/uploads\/landtagganz1.jpg\"><img decoding=\"async\" class=\"size-full\" src=\"http:\/\/meier-gerdingh.de\/wp-spd-ob\/wp-content\/uploads\/landtagganz1.jpg\" alt=\"Der Landtag von Nordrhein-Westfalen\" width=\"140\" height=\"187\" \/><\/a><p class=\"wp-caption-text\">Der Landtag von Nordrhein-Westfalen<\/p><\/div>\n<p>&#8222;Die rot-gr\u00fcne Koalition treibt den Betuwe-Ausbau weiter voran&#8220;, teilt Stefan Zimkeit mit. &#8222;Hannelore Kraft hat in ihrer Regierungserkl\u00e4rung betont, dass die Schieneninfrastruktur hohe Priorit\u00e4t habe&#8220;, sagt der Landtagsabgeordnete. &#8222;Dabei hat die Ministerpr\u00e4sidentin ausdr\u00fccklich auf die Betuwe-Linie als besonders wichtiges Vorhaben hingewiesen.&#8220; Diese sei nicht nur wichtig, sie muss auch &#8222;m\u00f6glichst schnell verwirklicht werden&#8220;, zitiert Zimkeit aus der Regierungserkl\u00e4rung. Dazu m\u00fcsse der Bund seinen Anteil an der Finanzierung unbedingt leisten. &#8222;Das Gleiche gilt f\u00fcr den RRX genannten Rhein-Ruhr-Express&#8220;, sagt der SPD-Abgeordnete.<!--more--><\/p>\n<p>Vor 20 Jahren, am 31. August 1992, unterzeichneten Deutschland und die Niederlande eine Vereinbarung zur Verbesserung des Schienenverkehrs. Auf der holl\u00e4ndischen Seite wurde die Betuwe-Route schon vor f\u00fcnf Jahren er\u00f6ffnet, erinnert Zimkeit an eine &#8222;lange Zeit der Unt\u00e4tigkeit am Niederrhein&#8220;. Er wirft Bundesverkehrsminister Ramsauer vor, dass die fehlende Finanzzusage den Bau des dritten Gleises unertr\u00e4glich verz\u00f6gert habe. Zimkeit warnt vor der Gefahr, dass Verkehrsprojekte wie der Berliner Flughafen zulasten Nordrhein-Westfalens realisiert werden.<\/p>\n<p>Die Abgeordneten Wolfgang Gro\u00dfe Br\u00f6mer und Stefan Zimkeit begr\u00fc\u00dfen die Ank\u00fcndigung der NRW-Regierungschefin, die Schuldenbremse in die Landesverfassung zu \u00fcbernehmen. &#8222;Wichtig ist, dass eine Verschiebung der Kreditlasten auf die St\u00e4dte und Gemeinden verhindert wird&#8220;, unterstreicht Gro\u00dfe Br\u00f6mer. &#8222;Wir werden weitere Anstrengungen unternehmen, die kommunalen Haushalte in Ordnung zu bringen, denn die St\u00e4dte m\u00fcssen wieder handlungsf\u00e4hig werden.&#8220; Der Oberhausener Ratsfraktionschef h\u00e4lt es f\u00fcr richtig, dass Hannelore Kraft dabei auf die Verantwortung des Bundes hingewiesen hat. &#8222;Berlin muss k\u00fcnftig mehr Kosten \u00fcbernehmen.&#8220;<\/p>\n<p>Als eine Chance f\u00fcr Oberhausen bezeichnet Zimkeit die Ank\u00fcndigung der Regierungserkl\u00e4rung, einen &#8222;Masterplan altengerechte Quartiere&#8220; zu erarbeiten. &#8222;Wir werden gl\u00fccklicherweise immer \u00e4lter. Damit wir auch in hohem Alter noch selbstbestimmt leben k\u00f6nnen, m\u00fcssen die St\u00e4dte reagieren.&#8220; Der Masterplan solle den Kommunen konkrete Hilfestellungen bieten.<\/p>\n<p>&#8222;Ein Schwerpunkt der Ausf\u00fchrungen von Hannelore Kraft war die Schulpolitik&#8220;, berichtet Gro\u00dfe Br\u00f6mer. R\u00fcckgehende Sch\u00fclerzahlen w\u00fcrden in den n\u00e4chsten Jahren 8000 Lehrerinnen und Lehrer &#8222;scheinbar \u00fcberfl\u00fcssig machen&#8220;, erl\u00e4utert der Vorsitzende des Landtags-Schulausschusses. &#8222;Diese Lehrerstellen werden wir nicht streichen, sondern f\u00fcr einen bessere Bildung einsetzen. Wir wollen f\u00fcr kleinere Klassen, mehr Ganztag, bessere individuelle F\u00f6rderung und eine inklusive Beschulung von behinderten und nicht-behinderten Kindern sorgen&#8220;, so Wolfgang Gro\u00dfe Br\u00f6mer.<\/p>\n<p>Download:<\/p>\n<p><b><a class=\"normal\" title=\"pdf-Dokument, \u00f6ffnet neues Fenster oder neuen Tab\" href=\"http:\/\/meier-gerdingh.de\/wp-spd-ob\/pdf\/regierungserklaerung_12_09_12.pdf\" target=\"_blank\" rel=\"noopener noreferrer\">Regierungserkl\u00e4rung von Hannelore Kraft | pdf-Dokument, 110 KB<\/a><\/b><\/p>\n","protected":false},"excerpt":{"rendered":"<p>&#8222;Die rot-gr\u00fcne Koalition treibt den Betuwe-Ausbau weiter voran&#8220;, teilt Stefan Zimkeit mit. &#8222;Hannelore Kraft hat in ihrer Regierungserkl\u00e4rung betont, dass die Schieneninfrastruktur hohe Priorit\u00e4t habe&#8220;, sagt der Landtagsabgeordnete. &#8222;Dabei hat&hellip; <\/p>\n","protected":false},"author":1,"featured_media":0,"comment_status":"closed","ping_status":"closed","sticky":false,"template":"","format":"standard","meta":{"footnotes":""},"categories":[1],"tags":[],"quellen":[],"class_list":["post-999","post","type-post","status-publish","format-standard","hentry","category-allgemein"],"_links":{"self":[{"href":"https:\/\/meier-gerdingh.de\/wp-spd-ob\/wp-json\/wp\/v2\/posts\/999","targetHints":{"allow":["GET"]}}],"collection":[{"href":"https:\/\/meier-gerdingh.de\/wp-spd-ob\/wp-json\/wp\/v2\/posts"}],"about":[{"href":"https:\/\/meier-gerdingh.de\/wp-spd-ob\/wp-json\/wp\/v2\/types\/post"}],"author":[{"embeddable":true,"href":"https:\/\/meier-gerdingh.de\/wp-spd-ob\/wp-json\/wp\/v2\/users\/1"}],"replies":[{"embeddable":true,"href":"https:\/\/meier-gerdingh.de\/wp-spd-ob\/wp-json\/wp\/v2\/comments?post=999"}],"version-history":[{"count":0,"href":"https:\/\/meier-gerdingh.de\/wp-spd-ob\/wp-json\/wp\/v2\/posts\/999\/revisions"}],"wp:attachment":[{"href":"https:\/\/meier-gerdingh.de\/wp-spd-ob\/wp-json\/wp\/v2\/media?parent=999"}],"wp:term":[{"taxonomy":"category","embeddable":true,"href":"https:\/\/meier-gerdingh.de\/wp-spd-ob\/wp-json\/wp\/v2\/categories?post=999"},{"taxonomy":"post_tag","embeddable":true,"href":"https:\/\/meier-gerdingh.de\/wp-spd-ob\/wp-json\/wp\/v2\/tags?post=999"},{"taxonomy":"quellen","embeddable":true,"href":"https:\/\/meier-gerdingh.de\/wp-spd-ob\/wp-json\/wp\/v2\/quellen?post=999"}],"curies":[{"name":"wp","href":"https:\/\/api.w.org\/{rel}","templated":true}]}}